{"id":632,"date":"2017-03-28T14:00:05","date_gmt":"2017-03-28T14:00:05","guid":{"rendered":"http:\/\/www.bezprawie.pl\/?p=632"},"modified":"2017-03-28T14:00:05","modified_gmt":"2017-03-28T14:00:05","slug":"adwokat-szymon-matusiak-ze-szczecina-musi-przeprosic-za-klamstwa","status":"publish","type":"post","link":"https:\/\/www.bezprawie.pl\/?p=632","title":{"rendered":"Adwokat Szymon Matusiak ze Szczecina musi przeprosi\u0107 za k\u0142amstwa"},"content":{"rendered":"<p>W marcu zapad\u0142 przed S\u0105dem Apelacyjnym we Wroc\u0142awiu wyrok na mocy kt\u00f3rego szczeci\u0144ski adwokat Szymon Matusiak zosta\u0142 zmuszony do przeproszenia za swoje k\u0142amstwa wypowiadane pod adresem jednej ze sp\u00f3\u0142ek. S\u0105d nie mia\u0142 najmniejszych w\u0105tpliwo\u015bci co do k\u0142amstw adwokata i to wyra\u017canych publicznie na \u0142amach Kuriera Szczeci\u0144skiego. Dlatego te\u017c adwokat zosta\u0142 zobowi\u0105zany do przeprosin na \u0142amach tego samego tytu\u0142u prasowego.<\/p>\n<div id=\"attachment_633\" style=\"width: 984px\" class=\"wp-caption aligncenter\"><a href=\"http:\/\/www.bezprawie.pl\/wp-content\/uploads\/Strony-od-KS_2017_03_28.jpg\"><img loading=\"lazy\" decoding=\"async\" aria-describedby=\"caption-attachment-633\" src=\"http:\/\/www.bezprawie.pl\/wp-content\/uploads\/Strony-od-KS_2017_03_28.jpg\" alt=\"Przeprosiny Matusiak\" width=\"974\" height=\"433\" class=\"size-full wp-image-633\" srcset=\"https:\/\/www.bezprawie.pl\/wp-content\/uploads\/Strony-od-KS_2017_03_28.jpg 974w, https:\/\/www.bezprawie.pl\/wp-content\/uploads\/Strony-od-KS_2017_03_28-300x133.jpg 300w, https:\/\/www.bezprawie.pl\/wp-content\/uploads\/Strony-od-KS_2017_03_28-768x341.jpg 768w, https:\/\/www.bezprawie.pl\/wp-content\/uploads\/Strony-od-KS_2017_03_28-500x222.jpg 500w\" sizes=\"auto, (max-width: 974px) 100vw, 974px\" \/><\/a><p id=\"caption-attachment-633\" class=\"wp-caption-text\">Przeprosiny Matusiak<\/p><\/div>\n<p>Przypomnijmy, i\u017c wcze\u015bniej adwokat Szymon Matusiak zosta\u0142 ukarany przez dziekana ORA w Szczecinie za obra\u017aliwe odnoszenie si\u0119 do klient\u00f3w. O z\u0142ych nawykach adwokata pisali\u015bmy tak\u017ce wcze\u015bniej na naszych \u0142amach <a href=\"http:\/\/www.bezprawie.pl\/?p=546\">http:\/\/www.bezprawie.pl\/?p=546<\/a><\/p>\n","protected":false},"excerpt":{"rendered":"<p>W marcu zapad\u0142 przed S\u0105dem Apelacyjnym we Wroc\u0142awiu wyrok na mocy kt\u00f3rego szczeci\u0144ski adwokat Szymon Matusiak zosta\u0142 zmuszony do przeproszenia za swoje k\u0142amstwa wypowiadane pod adresem jednej ze sp\u00f3\u0142ek. S\u0105d nie mia\u0142 najmniejszych w\u0105tpliwo\u015bci co do k\u0142amstw adwokata i to &hellip; <a href=\"https:\/\/www.bezprawie.pl\/?p=632\">Czytaj dalej <span class=\"meta-nav\">&rarr;<\/span><\/a><\/p>\n","protected":false},"author":1,"featured_media":0,"comment_status":"open","ping_status":"open","sticky":false,"template":"","format":"standard","meta":{"footnotes":""},"categories":[37,36],"tags":[115,18],"class_list":["post-632","post","type-post","status-publish","format-standard","hentry","category-szczecin","category-zachodniopomorskie","tag-adwokat","tag-sad"],"_links":{"self":[{"href":"https:\/\/www.bezprawie.pl\/index.php?rest_route=\/wp\/v2\/posts\/632","targetHints":{"allow":["GET"]}}],"collection":[{"href":"https:\/\/www.bezprawie.pl\/index.php?rest_route=\/wp\/v2\/posts"}],"about":[{"href":"https:\/\/www.bezprawie.pl\/index.php?rest_route=\/wp\/v2\/types\/post"}],"author":[{"embeddable":true,"href":"https:\/\/www.bezprawie.pl\/index.php?rest_route=\/wp\/v2\/users\/1"}],"replies":[{"embeddable":true,"href":"https:\/\/www.bezprawie.pl\/index.php?rest_route=%2Fwp%2Fv2%2Fcomments&post=632"}],"version-history":[{"count":1,"href":"https:\/\/www.bezprawie.pl\/index.php?rest_route=\/wp\/v2\/posts\/632\/revisions"}],"predecessor-version":[{"id":634,"href":"https:\/\/www.bezprawie.pl\/index.php?rest_route=\/wp\/v2\/posts\/632\/revisions\/634"}],"wp:attachment":[{"href":"https:\/\/www.bezprawie.pl\/index.php?rest_route=%2Fwp%2Fv2%2Fmedia&parent=632"}],"wp:term":[{"taxonomy":"category","embeddable":true,"href":"https:\/\/www.bezprawie.pl\/index.php?rest_route=%2Fwp%2Fv2%2Fcategories&post=632"},{"taxonomy":"post_tag","embeddable":true,"href":"https:\/\/www.bezprawie.pl\/index.php?rest_route=%2Fwp%2Fv2%2Ftags&post=632"}],"curies":[{"name":"wp","href":"https:\/\/api.w.org\/{rel}","templated":true}]}}