{"id":646,"date":"2017-08-18T10:56:29","date_gmt":"2017-08-18T10:56:29","guid":{"rendered":"http:\/\/www.bezprawie.pl\/?p=646"},"modified":"2017-08-18T10:56:29","modified_gmt":"2017-08-18T10:56:29","slug":"ja-pracuje-do-1530-bulwersujaca-prawda-dlaczego-nie-ostrzezono-przed-nawalnica-winny-jest-piatek","status":"publish","type":"post","link":"https:\/\/www.bezprawie.pl\/?p=646","title":{"rendered":"&#8222;Ja pracuj\u0119 do 15:30&#8221;. Bulwersuj\u0105ca prawda, dlaczego nie ostrze\u017cono przed nawa\u0142nic\u0105 \u2013 winny jest&#8230; pi\u0105tek"},"content":{"rendered":"<p>Wyja\u015bnienia brzmi\u0105 tak kuriozalnie, \u017ce pocz\u0105tkowo nie spos\u00f3b w nie uwierzy\u0107. Prawda jest taka, \u017ce Starostwo Powiatowe w Chojnicach nie przekaza\u0142o okolicznym gminom ostrze\u017ce\u0144 o nadci\u0105gaj\u0105cej burzy, bo&#8230; SMS z IMGW z ostrze\u017ceniem przyszed\u0142 po godzinie 15.00 w pi\u0105tek. A wtedy w urz\u0119dach nie ma ju\u017c nikogo.<\/p>\n<p>Uda\u0142o nam si\u0119 porozmawia\u0107 z dyrektorem Wydzia\u0142u Bezpiecze\u0144stwa i Zarz\u0105dzania Kryzysowego w Starostwie Powiatowym w Chojnicach. Do jego wyja\u015bnie\u0144 przejdziemy za chwil\u0119, najpierw przypomnijmy, jakie by\u0142y skutki nawa\u0142nic w pi\u0105tkowy wiecz\u00f3r 11 lipca. W Borach Tucholskich wichura po\u0142ama\u0142a tysi\u0105ce drzew, w miejscowo\u015bci Suszek zgin\u0119\u0142y dwie harcerki, we wsi Rytel i okolicach akcja usuwania zniszcze\u0144 wci\u0105\u017c trwa.<\/p>\n<p>Oczywi\u015bcie, \u017ce w takich chwilach pojawia si\u0119 pytanie, czy mo\u017cna by\u0142o zrobi\u0107 co\u015b wi\u0119cej, by unikn\u0105\u0107 niekt\u00f3rych tragedii. I pewnie nie ma co od razu poszukiwa\u0107 winnych \u2013 w ko\u0144cu si\u0142 natury nie da si\u0119 w pe\u0142ni okie\u0142zna\u0107. Ale co nieco przewidzie\u0107 si\u0119 da. I mo\u017cna pr\u00f3bowa\u0107 zapobiec. Pod jednym warunkiem \u2013 \u017ce kto\u015b podejmie pr\u00f3b\u0119 zapobie\u017cenia. <\/p>\n<p>Jak ustali\u0142a &#8222;Gazeta Pomorska&#8221;, ostrze\u017cenie o drugim stopniu zagro\u017cenia IMGW z Gdyni wys\u0142a\u0142 o godzinie 14.27. W\u015br\u00f3d adresat\u00f3w tego powiadomienia znale\u017ali si\u0119 starosta chojnicki oraz szef powiatowego Wydzia\u0142u Bezpiecze\u0144stwa i Zarz\u0105dzania Kryzysowego. Starosta Stanis\u0142aw Skaja zapewnia\u0142, \u017ce ostrze\u017cenie to zosta\u0142o przekazane do wszystkich gmin w powiecie, ale odpowiedzialny za zarz\u0105dzanie kryzysowe dyrektor Andrzej Nogal potwierdzi\u0142, \u017ce&#8230; nie. Powiadomienie dosta\u0142, ale nic z nim nie zrobi\u0142. Po prostu je zignorowa\u0142. Dlaczego? Bo by\u0142 pi\u0105tek, bo by\u0142o po 15.00, bo w urz\u0119dach wtedy ju\u017c s\u0105 komputery powy\u0142\u0105czane, bo przecie\u017c takich ostrze\u017ce\u0144 przychodzi wiele \u2013 wyja\u015bnia w rozmowie z naTemat. <\/p>\n<p><strong>    Andrzej Nogal<br \/>\n    Dyrektor Wydzia\u0142u Bezpiecze\u0144stwa i Zarz\u0105dzania Kryzysowego w Starostwie w Chojnicach<\/strong><\/p>\n<p> <em>   Czy ja mam sobie co\u015b do zarzucenia? Odpowiem w ten spos\u00f3b: otrzyma\u0142em ostrze\u017cenie jak wiele, wiele innych na kom\u00f3rk\u0119. Odczyta\u0142em to ostrze\u017cenie przed 16. No bo wiadomo, jak przychodzi SMS, to nie zawsze to cz\u0142owiek odbiera. Je\u015bli jest po 15.30 to takiego SMS-a ju\u017c nie ma gdzie wys\u0142a\u0107. Urz\u0119dy miasta i gminy ju\u017c wtedy nie pracuj\u0105. Ja te\u017c pracuj\u0119 do 15.30. A wysy\u0142anie tego do gmin i jednostek, kt\u00f3re tam mamy u siebie w rozdzielniku odbywa si\u0119 faksem i mailem. W tych urz\u0119dach i tak nikt by tego nie odebra\u0142.<\/p>\n<p>    W tym przypadku by\u0142o to ostrze\u017cenie o drugim, a nie trzecim &#8211; najwy\u017cszym stopniu zagro\u017cenia. I dlatego podj\u0105\u0142em tak\u0105 decyzj\u0119. Bo to i tak by nigdzie nie dosz\u0142o.<\/p>\n<p>    Poza tym media te\u017c otrzymuj\u0105 informacje z IMGW i one o tym zagro\u017ceniu informowa\u0142y. Wysy\u0142anie tego komunikatu do medi\u00f3w nie mia\u0142oby sensu. <\/em><\/p>\n<p>Teraz na stronie g\u0142\u00f3wnej starostwa mo\u017cna znale\u017a\u0107 apel do samorz\u0105dowc\u00f3w z ca\u0142ej Polski o pomoc finansow\u0105 na usuwanie skutk\u00f3w nawa\u0142nic. A nieco ni\u017cej mo\u017cna znale\u017a\u0107 link do informacji o dzia\u0142aj\u0105cym (pono\u0107) w powiecie Regionalnym Systemie Ostrzegania. <\/p>\n<p>natemat.pl<\/p>\n","protected":false},"excerpt":{"rendered":"<p>Wyja\u015bnienia brzmi\u0105 tak kuriozalnie, \u017ce pocz\u0105tkowo nie spos\u00f3b w nie uwierzy\u0107. Prawda jest taka, \u017ce Starostwo Powiatowe w Chojnicach nie przekaza\u0142o okolicznym gminom ostrze\u017ce\u0144 o nadci\u0105gaj\u0105cej burzy, bo&#8230; SMS z IMGW z ostrze\u017ceniem przyszed\u0142 po godzinie 15.00 w pi\u0105tek. A &hellip; <a href=\"https:\/\/www.bezprawie.pl\/?p=646\">Czytaj dalej <span class=\"meta-nav\">&rarr;<\/span><\/a><\/p>\n","protected":false},"author":1,"featured_media":0,"comment_status":"open","ping_status":"open","sticky":false,"template":"","format":"standard","meta":{"footnotes":""},"categories":[151],"tags":[152],"class_list":["post-646","post","type-post","status-publish","format-standard","hentry","category-chojnice","tag-kataklizm"],"_links":{"self":[{"href":"https:\/\/www.bezprawie.pl\/index.php?rest_route=\/wp\/v2\/posts\/646","targetHints":{"allow":["GET"]}}],"collection":[{"href":"https:\/\/www.bezprawie.pl\/index.php?rest_route=\/wp\/v2\/posts"}],"about":[{"href":"https:\/\/www.bezprawie.pl\/index.php?rest_route=\/wp\/v2\/types\/post"}],"author":[{"embeddable":true,"href":"https:\/\/www.bezprawie.pl\/index.php?rest_route=\/wp\/v2\/users\/1"}],"replies":[{"embeddable":true,"href":"https:\/\/www.bezprawie.pl\/index.php?rest_route=%2Fwp%2Fv2%2Fcomments&post=646"}],"version-history":[{"count":1,"href":"https:\/\/www.bezprawie.pl\/index.php?rest_route=\/wp\/v2\/posts\/646\/revisions"}],"predecessor-version":[{"id":647,"href":"https:\/\/www.bezprawie.pl\/index.php?rest_route=\/wp\/v2\/posts\/646\/revisions\/647"}],"wp:attachment":[{"href":"https:\/\/www.bezprawie.pl\/index.php?rest_route=%2Fwp%2Fv2%2Fmedia&parent=646"}],"wp:term":[{"taxonomy":"category","embeddable":true,"href":"https:\/\/www.bezprawie.pl\/index.php?rest_route=%2Fwp%2Fv2%2Fcategories&post=646"},{"taxonomy":"post_tag","embeddable":true,"href":"https:\/\/www.bezprawie.pl\/index.php?rest_route=%2Fwp%2Fv2%2Ftags&post=646"}],"curies":[{"name":"wp","href":"https:\/\/api.w.org\/{rel}","templated":true}]}}