{"id":649,"date":"2017-10-10T11:33:06","date_gmt":"2017-10-10T11:33:06","guid":{"rendered":"http:\/\/www.bezprawie.pl\/?p=649"},"modified":"2017-10-10T11:33:06","modified_gmt":"2017-10-10T11:33:06","slug":"parkometr-nie-zarobi-na-parkujacych-na-dziko-wyrok-nsa","status":"publish","type":"post","link":"https:\/\/www.bezprawie.pl\/?p=649","title":{"rendered":"Parkometr nie zarobi na parkuj\u0105cych na dziko &#8211; wyrok NSA"},"content":{"rendered":"<p>Op\u0142at\u0119 za pozostawienie auta w p\u0142atnej strefie mo\u017cna pobiera\u0107 tylko za post\u00f3j w miejscach do tego wyznaczonych.<\/p>\n<p>Tak uzna\u0142 w poniedzia\u0142ek siedmioosobowy sk\u0142ad Naczelnego S\u0105du Administracyjnego. Oznacza to, \u017ce za parkowanie w p\u0142atnej strefie, ale poza miejscami wyznaczonymi \u2013 czyli tam, gdzie teoretycznie auto sta\u0107 nie mo\u017ce, np. przy barierkach, pasach, w bramach, na chodnikach czy tu\u017c za wyznaczonym miejscem \u2013 grozi co najwy\u017cej mandat karny.<\/p>\n<p>Skoro za post\u00f3j w takim miejscu kierowca nie musi p\u0142aci\u0107, nie mo\u017cna go ukara\u0107 wynosz\u0105c\u0105 50 z\u0142 op\u0142at\u0105 dodatkow\u0105 za brak biletu z parkometru.<\/p>\n<p>Uchwa\u0142a ma charakter abstrakcyjny, czyli nie ma zwi\u0105zku z \u017cadn\u0105 konkretn\u0105 spraw\u0105. O jej wydanie wnosi\u0142 prezes NSA, wskazuj\u0105c na powa\u017cne rozbie\u017cno\u015bci w orzecznictwie dotycz\u0105cym tej kwestii.<br \/>\nRozbie\u017cne pogl\u0105dy<\/p>\n<p>Z wniosku prezesa wynika, \u017ce s\u0105dy administracyjne nie s\u0105 zgodne co do tego, czy op\u0142at\u0119 za parkowanie w p\u0142atnej strefie mo\u017cna pobiera\u0107 tylko od tych kierowc\u00f3w, kt\u00f3rzy stawiaj\u0105 auta w miejscach wyznaczonych, czy tak\u017ce od tych, kt\u00f3rzy parkuj\u0105 w strefie na dziko.<\/p>\n<p>Siedmioosobowy sk\u0142ad NSA uzna\u0142, \u017ce op\u0142aty mog\u0105 by\u0107 pobierane tylko od kierowc\u00f3w, kt\u00f3rzy parkuj\u0105 swoje samochody w strefie w wyznaczonych do tego miejscach. S\u0105d dokona\u0142 szczeg\u00f3\u0142owej analizy przepis\u00f3w dotycz\u0105cych op\u0142at za parkowanie i ich zmian na przestrzeni ostatnich 20 lat.<\/p>\n<p>W ocenie NSA pos\u0142u\u017cenie si\u0119 przez ustawodawc\u0119 r\u00f3\u017cnymi poj\u0119ciami: \u201eustalenie strefy p\u0142atnego parkowania&#8221; i \u201ewyznaczenie miejsc p\u0142atnego postoju&#8221;, a tak\u017ce rozdzielenie kompetencji do tego mi\u0119dzy r\u00f3\u017cne podmioty oznacza, \u017ce ustalenie strefy nie jest r\u00f3wnoznaczne z wyznaczeniem miejsca p\u0142atnego parkowania. Zatem nie ca\u0142y obszar strefy jest miejscem, gdzie pobiera si\u0119 op\u0142aty za parkowanie.<\/p>\n<p>Jak zauwa\u017cy\u0142 przewodnicz\u0105cy sk\u0142adu, prezes Izby Gospodarczej NSA Janusz Drachal, miejsca p\u0142atnego postoju wyznacza si\u0119 za pomoc\u0105 znak\u00f3w pionowych i poziomych (linie). S\u0105 to znaki informacyjne.<br \/>\nDwa znaki czy jeden<\/p>\n<p>S\u0105d zaznaczy\u0142, \u017ce p\u0142atne miejsca postojowe co do zasady powinny by\u0107 wyznaczone jednymi i drugimi znakami. S\u0119dziowie rozr\u00f3\u017cnili ich funkcje. Te pionowe, kt\u00f3re informuj\u0105 o sposobie korzystania z drogi, NSA uzna\u0142 za wystarczaj\u0105ce do wyznaczenia p\u0142atnego miejsca postojowego. Takiej roli w ocenie NSA samodzielnie nie spe\u0142niaj\u0105 za\u015b znaki poziome, czyli linie.<\/p>\n<p><strong>sygn akt II GPS 2\/17<\/strong><\/p>\n<p>Opinia dla \u201eRzeczpospolitej&#8221;<\/p>\n<p>Adam Bodnar, rzecznik praw obywatelskich<\/p>\n<p>Uchwa\u0142a Naczelnego S\u0105du Administracyjnego jest zgodna ze stanowiskiem prezentowanym przez rzecznika praw obywatelskich. Rady gmin, kt\u00f3rych regulaminy stref p\u0142atnego parkowania nie s\u0105 zgodne ze stanowiskiem zaprezentowanym przez NSA, powinny je teraz niezw\u0142ocznie dostosowa\u0107 do uchwa\u0142y siedmiu s\u0119dzi\u00f3w. Kierowcy, kt\u00f3rzy nies\u0142usznie zostali obci\u0105\u017ceni op\u0142atami dodatkowymi za post\u00f3j bez biletu z parkometru w miejscu do tego niewyznaczonym, cho\u0107 w strefie p\u0142atnego parkowania, mog\u0105 je kwestionowa\u0107 przed s\u0105dami administracyjnymi.<\/p>\n<p>rp.pl<\/p>\n","protected":false},"excerpt":{"rendered":"<p>Op\u0142at\u0119 za pozostawienie auta w p\u0142atnej strefie mo\u017cna pobiera\u0107 tylko za post\u00f3j w miejscach do tego wyznaczonych. Tak uzna\u0142 w poniedzia\u0142ek siedmioosobowy sk\u0142ad Naczelnego S\u0105du Administracyjnego. Oznacza to, \u017ce za parkowanie w p\u0142atnej strefie, ale poza miejscami wyznaczonymi \u2013 czyli &hellip; <a href=\"https:\/\/www.bezprawie.pl\/?p=649\">Czytaj dalej <span class=\"meta-nav\">&rarr;<\/span><\/a><\/p>\n","protected":false},"author":1,"featured_media":0,"comment_status":"open","ping_status":"open","sticky":false,"template":"","format":"standard","meta":{"footnotes":""},"categories":[3],"tags":[148],"class_list":["post-649","post","type-post","status-publish","format-standard","hentry","category-polska","tag-nsa"],"_links":{"self":[{"href":"https:\/\/www.bezprawie.pl\/index.php?rest_route=\/wp\/v2\/posts\/649","targetHints":{"allow":["GET"]}}],"collection":[{"href":"https:\/\/www.bezprawie.pl\/index.php?rest_route=\/wp\/v2\/posts"}],"about":[{"href":"https:\/\/www.bezprawie.pl\/index.php?rest_route=\/wp\/v2\/types\/post"}],"author":[{"embeddable":true,"href":"https:\/\/www.bezprawie.pl\/index.php?rest_route=\/wp\/v2\/users\/1"}],"replies":[{"embeddable":true,"href":"https:\/\/www.bezprawie.pl\/index.php?rest_route=%2Fwp%2Fv2%2Fcomments&post=649"}],"version-history":[{"count":1,"href":"https:\/\/www.bezprawie.pl\/index.php?rest_route=\/wp\/v2\/posts\/649\/revisions"}],"predecessor-version":[{"id":650,"href":"https:\/\/www.bezprawie.pl\/index.php?rest_route=\/wp\/v2\/posts\/649\/revisions\/650"}],"wp:attachment":[{"href":"https:\/\/www.bezprawie.pl\/index.php?rest_route=%2Fwp%2Fv2%2Fmedia&parent=649"}],"wp:term":[{"taxonomy":"category","embeddable":true,"href":"https:\/\/www.bezprawie.pl\/index.php?rest_route=%2Fwp%2Fv2%2Fcategories&post=649"},{"taxonomy":"post_tag","embeddable":true,"href":"https:\/\/www.bezprawie.pl\/index.php?rest_route=%2Fwp%2Fv2%2Ftags&post=649"}],"curies":[{"name":"wp","href":"https:\/\/api.w.org\/{rel}","templated":true}]}}