{"id":654,"date":"2017-10-26T12:41:02","date_gmt":"2017-10-26T12:41:02","guid":{"rendered":"http:\/\/www.bezprawie.pl\/?p=654"},"modified":"2017-10-26T12:41:02","modified_gmt":"2017-10-26T12:41:02","slug":"adwokat-szymon-matusiak-ze-szczecina-zlamal-tajemnice-adwokacka","status":"publish","type":"post","link":"https:\/\/www.bezprawie.pl\/?p=654","title":{"rendered":"Adwokat Szymon Matusiak ze Szczecina z\u0142ama\u0142 tajemnic\u0119 adwokack\u0105?"},"content":{"rendered":"<p>Zachowanie tajemnicy adwokackiej to fundament tego zawodu. Tak powie ka\u017cdy adwokat do kt\u00f3rego udamy si\u0119 na rozmow\u0119. Ale czy tak jest zawsze, czy mo\u017cemy by\u0107 pewni, \u017ce wszystkie informacje przekazane adwokatowi b\u0119d\u0105 rzeczywi\u015bcie tajemnic\u0105?<\/p>\n<p>Zacznijmy od ko\u0144ca, wykonali\u015bmy kilkadziesi\u0105t telefon\u00f3w aby zapyta\u0107 adwokat\u00f3w czy je\u015bli wy\u015blemy adwokatowi mailem informacje i dokumenty dotycz\u0105ce sprawy, kt\u00f3r\u0105 chcemy zleci\u0107, b\u0119d\u0105 one obj\u0119te tajemnica adwokack\u0105. Wszyscy odpowiedzieli \u017ce &#8222;<em>oczywi\u015bcie<\/em>&#8222;, &#8222;<em>to jest tajemnica adwokacka<\/em>&#8222;, &#8222;<em>niczego nie ujawni\u0119<\/em>&#8222;&#8230;. Wyja\u015bnijmy, pytali\u015bmy o zlecenie sprawy, a wi\u0119c na etapie przed udzieleniem pe\u0142nomocnictwa.<\/p>\n<p>Zerknijmy teraz jak to odbywa si\u0119 w praktyce w Szczecinie.<\/p>\n<p>Adwokat <strong>Szymon Matusiak<\/strong> ze Szczecina mia\u0142 dw\u00f3ch klient\u00f3w. Dla uproszczenia nazwijmy ich &#8222;M&#8221; i &#8222;W&#8221;. Po jakim\u015b czasie &#8222;M&#8221; i &#8222;W&#8221; popadli w konflikt i rozpocz\u0119\u0142y si\u0119 procesy pomi\u0119dzy nimi. Chodzi\u0142o o zap\u0142at\u0119 pewnych kwot, sprawa toczy\u0142a si\u0119 przed S\u0105dem Rejonowym w Wa\u0142czu (sygn. akt: I C 522\/15). Podczas tego procesu adwokat <strong>Szymon Matusiak<\/strong> przekaza\u0142 tre\u015b\u0107 korespondencji (wydruki e-maili) jak\u0105 otrzyma\u0142 wcze\u015bniej od klienta &#8222;M&#8221;, klientowi &#8222;W&#8221;&#8221;. Klient &#8222;M&#8221; przegra\u0142 proces z klientem &#8222;W&#8221;, s\u0105d wydaj\u0105c wyrok opar\u0142 si\u0119 mi\u0119dzy innymi na tre\u015bci ujawnionej przed adwokata <strong>Szymona Matusiaka<\/strong> korespondencji.<\/p>\n<p>Szokuj\u0105ce zachowanie adwokata <strong>Szymona Matusiaka<\/strong> znalaz\u0142o sw\u00f3j fina\u0142 przed ORA w Szczecinie. Jeszcze bardziej szokuj\u0105ca decyzj\u0119 podj\u0105\u0142 zast\u0119pca rzecznika dyscyplinarnego adwokat <strong>Piotr Paszkowski<\/strong>, kt\u00f3ry uzna\u0142 \u017ce w postanowieniu z dnia 24 lipca 2017 roku (znak RD-33\/17) \u017ce takowe ujawnienie korespondencji mailowej nie jest naruszeniem tajemnicy adwokackiej a &#8222;<em>wydaniem dokumentu<\/em>&#8222;!!!! Co ciekawe kiedy osoba z naszej redakcji kontaktowa\u0142 si\u0119 z adwokatem <strong>Piotrem Paszkowskim<\/strong> w innej sprawie pytaj\u0105c czy przes\u0142ana korespondencja mailowa przed zleceniem sprawy b\u0119dzie obj\u0119ta tajemnic\u0105 adwokack\u0105, ten wielokrotnie zapewnia\u0142, \u017ce jest adwokatem i wszystko co otrzyma drog\u0105 mailow\u0105 jest obj\u0119te tajemnic\u0105 adwokack\u0105. Czy\u017cby podw\u00f3jne standardy obowi\u0105zywa\u0142y Pana adwokata <strong>Piotra Paszkowskiego<\/strong>? Dlaczego ORA w Szczecinie nie chce sobie poradzi\u0107 z tak ewidentnym przypadkiem naruszenie zasad etyki adwokackiej?<\/p>\n<p>Obecnie sprawa rozpatrywana jest przez S\u0105d Dyscyplinarny przy ORA w Szczecinie (sygn akt: SD-25\/17), a klient &#8222;M&#8221; kt\u00f3rego korespondencj\u0119 ujawni\u0142 adwokat <strong>Szymon Matusiak<\/strong>, zdecydowa\u0142 si\u0119 na skierowanie sprawy na drog\u0119 post\u0119powania cywilnego &#8211; sprawa przed S\u0105dem Okr\u0119gowym w Szczecinie (sygn. akt: IC 815\/17) &#8211; pierwsza rozprawa odb\u0119dzie si\u0119 28 lutego 2018 roku.<\/p>\n<p>Wielokrotnie pr\u00f3bowali\u015bmy skontaktowa\u0107 si\u0119 z adwokatem Szymonem Matusiakiem prosz\u0105c ustosunkowanie si\u0119 do stawianym mu zarzut\u00f3w. Nasze pro\u015bby pozosta\u0142y bez odpowiedzi.<\/p>\n<p>O sprawie b\u0119dziemy informowa\u0107.<\/p>\n","protected":false},"excerpt":{"rendered":"<p>Zachowanie tajemnicy adwokackiej to fundament tego zawodu. Tak powie ka\u017cdy adwokat do kt\u00f3rego udamy si\u0119 na rozmow\u0119. Ale czy tak jest zawsze, czy mo\u017cemy by\u0107 pewni, \u017ce wszystkie informacje przekazane adwokatowi b\u0119d\u0105 rzeczywi\u015bcie tajemnic\u0105? Zacznijmy od ko\u0144ca, wykonali\u015bmy kilkadziesi\u0105t telefon\u00f3w &hellip; <a href=\"https:\/\/www.bezprawie.pl\/?p=654\">Czytaj dalej <span class=\"meta-nav\">&rarr;<\/span><\/a><\/p>\n","protected":false},"author":1,"featured_media":0,"comment_status":"open","ping_status":"open","sticky":false,"template":"","format":"standard","meta":{"footnotes":""},"categories":[36],"tags":[],"class_list":["post-654","post","type-post","status-publish","format-standard","hentry","category-zachodniopomorskie"],"_links":{"self":[{"href":"https:\/\/www.bezprawie.pl\/index.php?rest_route=\/wp\/v2\/posts\/654","targetHints":{"allow":["GET"]}}],"collection":[{"href":"https:\/\/www.bezprawie.pl\/index.php?rest_route=\/wp\/v2\/posts"}],"about":[{"href":"https:\/\/www.bezprawie.pl\/index.php?rest_route=\/wp\/v2\/types\/post"}],"author":[{"embeddable":true,"href":"https:\/\/www.bezprawie.pl\/index.php?rest_route=\/wp\/v2\/users\/1"}],"replies":[{"embeddable":true,"href":"https:\/\/www.bezprawie.pl\/index.php?rest_route=%2Fwp%2Fv2%2Fcomments&post=654"}],"version-history":[{"count":3,"href":"https:\/\/www.bezprawie.pl\/index.php?rest_route=\/wp\/v2\/posts\/654\/revisions"}],"predecessor-version":[{"id":658,"href":"https:\/\/www.bezprawie.pl\/index.php?rest_route=\/wp\/v2\/posts\/654\/revisions\/658"}],"wp:attachment":[{"href":"https:\/\/www.bezprawie.pl\/index.php?rest_route=%2Fwp%2Fv2%2Fmedia&parent=654"}],"wp:term":[{"taxonomy":"category","embeddable":true,"href":"https:\/\/www.bezprawie.pl\/index.php?rest_route=%2Fwp%2Fv2%2Fcategories&post=654"},{"taxonomy":"post_tag","embeddable":true,"href":"https:\/\/www.bezprawie.pl\/index.php?rest_route=%2Fwp%2Fv2%2Ftags&post=654"}],"curies":[{"name":"wp","href":"https:\/\/api.w.org\/{rel}","templated":true}]}}