{"id":669,"date":"2018-03-16T16:53:29","date_gmt":"2018-03-16T16:53:29","guid":{"rendered":"http:\/\/www.bezprawie.pl\/?p=669"},"modified":"2018-03-16T16:53:29","modified_gmt":"2018-03-16T16:53:29","slug":"zakopane-nielegalnie-pobieralo-oplate-miejscowa-wyrok-nsa","status":"publish","type":"post","link":"https:\/\/www.bezprawie.pl\/?p=669","title":{"rendered":"Zakopane nielegalnie pobiera\u0142o op\u0142at\u0119 miejscow\u0105 &#8211; wyrok NSA"},"content":{"rendered":"<p> Gmina Zakopane bezprawnie pobiera op\u0142at\u0119 za czyste powietrze \u2013 uzna\u0142 w czwartek Naczelny S\u0105d Administracyjny, kt\u00f3ry oddali\u0142 skarg\u0119 kasacyjn\u0105 samorz\u0105du.<\/p>\n<p>Urz\u0105d Miasta Zakopanego pobiera op\u0142at\u0119 miejscow\u0105 od turyst\u00f3w za ka\u017cdy dzie\u0144 pobytu pod Tatrami w wysoko\u015bci 2 z\u0142otych. Do kasy Zakopanego rocznie wp\u0142ywa z tego tytu\u0142u oko\u0142o 2,7 mln z\u0142otych. W lipcu 2017 roku Wojew\u00f3dzki S\u0105d Administracyjny w Krakowie uzna\u0142 jednak, \u017ce samorz\u0105d pobiera op\u0142at\u0119 za czyste powietrze bezprawnie, gdy\u017c powietrze nie spe\u0142nia wymaganych norm.<\/p>\n<p>S\u0105d stwierdzi\u0142, \u017ce uchwa\u0142a rady miasta dotycz\u0105ca pobierania op\u0142aty miejscowej z 2008 r. jest wadliwa i zachodz\u0105 przes\u0142anki do uznania jej niewa\u017cno\u015bci.<\/p>\n<p>Uchwa\u0142\u0119 do s\u0105du zaskar\u017cy\u0142 jeden z turyst\u00f3w, profesor krakowskiej ASP Bogdan Achimescu. Jego zdaniem nie powinno si\u0119 p\u0142aci\u0107 za powietrze, kt\u00f3re jest zanieczyszczone. Popar\u0142y go organizacje ekologiczne i Rzecznik Praw Obywatelskich.<\/p>\n<p>Jak podaj\u0105 media, jako\u015b\u0107 powietrza w Zakopanym jest katastrofalna. Tylko w 2017 roku normy obecno\u015bci cz\u0105stek PM10 zosta\u0142y przekroczone w tym mie\u015bci ju\u017c 49 razy.<\/p>\n<p>Dzisiaj S\u0105d Najwy\u017cszy oddali\u0142 skarg\u0119 kasacyjn\u0105 samorz\u0105du. Wyrok jest prawomocny. Oznacza to, \u017ce op\u0142ata, kt\u00f3ra zosta\u0142a wprowadzona w 2008 roku, zostanie zniesiona. Ka\u017cdy turysta, kt\u00f3ry ma dow\u00f3d, \u017ce zap\u0142aci\u0142 op\u0142at\u0119 miejscow\u0105, b\u0119dzie m\u00f3g\u0142 si\u0119 ubiega\u0107 o jej zwrot w zakopia\u0144skim urz\u0119dzie miasta.<\/p>\n<p>rp.pl<\/p>\n","protected":false},"excerpt":{"rendered":"<p>Gmina Zakopane bezprawnie pobiera op\u0142at\u0119 za czyste powietrze \u2013 uzna\u0142 w czwartek Naczelny S\u0105d Administracyjny, kt\u00f3ry oddali\u0142 skarg\u0119 kasacyjn\u0105 samorz\u0105du. Urz\u0105d Miasta Zakopanego pobiera op\u0142at\u0119 miejscow\u0105 od turyst\u00f3w za ka\u017cdy dzie\u0144 pobytu pod Tatrami w wysoko\u015bci 2 z\u0142otych. Do kasy &hellip; <a href=\"https:\/\/www.bezprawie.pl\/?p=669\">Czytaj dalej <span class=\"meta-nav\">&rarr;<\/span><\/a><\/p>\n","protected":false},"author":1,"featured_media":0,"comment_status":"open","ping_status":"open","sticky":false,"template":"","format":"standard","meta":{"footnotes":""},"categories":[154],"tags":[148],"class_list":["post-669","post","type-post","status-publish","format-standard","hentry","category-zakopane","tag-nsa"],"_links":{"self":[{"href":"https:\/\/www.bezprawie.pl\/index.php?rest_route=\/wp\/v2\/posts\/669","targetHints":{"allow":["GET"]}}],"collection":[{"href":"https:\/\/www.bezprawie.pl\/index.php?rest_route=\/wp\/v2\/posts"}],"about":[{"href":"https:\/\/www.bezprawie.pl\/index.php?rest_route=\/wp\/v2\/types\/post"}],"author":[{"embeddable":true,"href":"https:\/\/www.bezprawie.pl\/index.php?rest_route=\/wp\/v2\/users\/1"}],"replies":[{"embeddable":true,"href":"https:\/\/www.bezprawie.pl\/index.php?rest_route=%2Fwp%2Fv2%2Fcomments&post=669"}],"version-history":[{"count":1,"href":"https:\/\/www.bezprawie.pl\/index.php?rest_route=\/wp\/v2\/posts\/669\/revisions"}],"predecessor-version":[{"id":670,"href":"https:\/\/www.bezprawie.pl\/index.php?rest_route=\/wp\/v2\/posts\/669\/revisions\/670"}],"wp:attachment":[{"href":"https:\/\/www.bezprawie.pl\/index.php?rest_route=%2Fwp%2Fv2%2Fmedia&parent=669"}],"wp:term":[{"taxonomy":"category","embeddable":true,"href":"https:\/\/www.bezprawie.pl\/index.php?rest_route=%2Fwp%2Fv2%2Fcategories&post=669"},{"taxonomy":"post_tag","embeddable":true,"href":"https:\/\/www.bezprawie.pl\/index.php?rest_route=%2Fwp%2Fv2%2Ftags&post=669"}],"curies":[{"name":"wp","href":"https:\/\/api.w.org\/{rel}","templated":true}]}}