{"id":671,"date":"2018-03-16T17:35:44","date_gmt":"2018-03-16T17:35:44","guid":{"rendered":"http:\/\/www.bezprawie.pl\/?p=671"},"modified":"2018-03-16T17:35:44","modified_gmt":"2018-03-16T17:35:44","slug":"szykany-i-presja-na-sedziow-czyli-brudna-gra-o-wyrok-w-sprawie-dzialaczy-kod","status":"publish","type":"post","link":"https:\/\/www.bezprawie.pl\/?p=671","title":{"rendered":"Szykany i presja na s\u0119dzi\u00f3w, czyli brudna gra o wyrok w sprawie dzia\u0142aczy KOD"},"content":{"rendered":"<p>Kolejne szykany dotykaj\u0105 suwalskiego s\u0119dziego Dominika Czeszkiewicza, kt\u00f3ry w styczniu ubieg\u0142ego roku uniewinni\u0142 dzia\u0142aczy KOD. Celem mo\u017ce by\u0107 zastraszenie innego s\u0119dziego orzekaj\u0105cego w tej sprawie. Interwencj\u0119 zapowiedzia\u0142 rzecznik praw obywatelskich.<\/p>\n<p>O szykanach wobec dw\u00f3ch s\u0119dzi\u00f3w, kt\u00f3rzy uniewinnili dzia\u0142aczy KOD w procesie o zak\u0142\u00f3canie otwarcia wystawy po\u015bwi\u0119conej gen. Andersowi, \u201eWyborcza\u201d informowa\u0142a ju\u017c w styczniu. Wobec s\u0119dziego Dominika Czeszkiewicza, kt\u00f3ry wyda\u0142 pierwszy wyrok uniewinniaj\u0105cy, zainicjowano dyscyplinark\u0119. Pretekstem do tego sta\u0142y si\u0119 rzekome uchybienia w wyznaczeniu terminu przes\u0142uchania ma\u0142oletniej w innej sprawie. Kolegium S\u0105du Okr\u0119gowego w Suwa\u0142kach, kt\u00f3re zainicjowa\u0142o post\u0119powanie dyscyplinarne, kieruje Jacek Sowul, nowo powo\u0142any przez Zbigniewa Ziobr\u0119 prezes s\u0105du. Co istotne, Sowul uchyli\u0142 w kwietniu ubieg\u0142ego roku wyrok w sprawie dzia\u0142aczy KOD i przekaza\u0142 j\u0105 do ponownego rozpatrzenia. Jak ustalili reporterzy TVN 24, s\u0119dzia na kilka dni przed orzeczeniem spotka\u0142 si\u0119 z wiceministrem sprawiedliwo\u015bci \u0141ukaszem Piebiakiem.<\/p>\n<p>K\u0142opoty ma tak\u017ce Piotr Taraszakiewicz, kt\u00f3ry podtrzyma\u0142 uniewinnienie ludzi z KOD. Jako przewodnicz\u0105cy wydzia\u0142u karnego dosta\u0142 upomnienie administracyjne za&#8230; brak prawid\u0142owego nadzoru nad s\u0119dzi\u0105 Czeszkiewiczem. Kar\u0119 wymierzy\u0142a mu prezes S\u0105du Rejonowego w Suwa\u0142kach powo\u0142ana przez Zbigniewa Ziobr\u0119.<\/p>\n<p><strong>Dyskredytuj\u0105cy anonim<\/strong><\/p>\n<p>Szykany trwaj\u0105. Do prezesa Sowula wp\u0142yn\u0105\u0142 anonimowy donos na Czeszkiewicza. Wed\u0142ug informacji \u201eWyborczej\u201d zarzuca si\u0119 w nim s\u0119dziemu, \u017ce w godzinach pracy biega\u0142, je\u017adzi\u0142 na rowerze, robi\u0142 zakupy i odprowadza\u0142 dziecko do szko\u0142y. \u201ePan prezes J. Sowul stwierdzi\u0142, \u017ce s\u0105 to konkretne zarzuty przewinie\u0144 s\u0142u\u017cbowych i nale\u017cy przekaza\u0107 t\u0119 kwesti\u0119 do zbadania przez zast\u0119pc\u0119 rzecznika dyscyplinarnego\u201d \u2013 czytamy w protokole z kolegium s\u0105du okr\u0119gowego. Zarzuty z anonimu s\u0142u\u017c\u0105 r\u00f3wnie\u017c do dyskredytowania Czeszkiewicza w przychylnych w\u0142adzy lokalnych mediach.<\/p>\n<p>\u2013 Kwestia wyznaczenia terminu przes\u0142uchania kompletnie nie nadaje si\u0119 na postawienie zarzut\u00f3w dyscyplinarnych, dlatego zacz\u0119to szuka\u0107 innego pretekstu, by ukara\u0107 s\u0119dziego \u2013 m\u00f3wi Beata Morawiec, prezes stowarzyszenia s\u0119dzi\u00f3w Themis, odwo\u0142ana przez Zbigniewa Ziobr\u0119 ze stanowiska prezesa S\u0105du Okr\u0119gowego w Krakowie. \u2013 Nadawanie biegu anonimom i kierowanie ich do zas-t\u0119pcy rzecznika dyscyplinarnego nie mie\u015bci si\u0119 w kanonach przyzwoito\u015bci. Paskudne metody \u2013 dodaje.<\/p>\n<p>\u2013 Dostaj\u0119 w ko\u015b\u0107 z r\u00f3\u017cnych stron. Zastawiam si\u0119, sk\u0105d nadejdzie kolejne uderzenie i za co. Powoli przyzwyczajam si\u0119 do szykan. Opr\u00f3cz zainicjowanego post\u0119powania dyscyplinarnego szuka si\u0119 na mnie hak\u00f3w i grozi wytykami. Wci\u0105\u017c musz\u0119 si\u0119 t\u0142umaczy\u0107. Ale takie kroki to przede wszystkim sygna\u0142 ostrzegawczy dla pozosta\u0142ych s\u0119dzi\u00f3w \u2013 m\u00f3wi \u201eWyborczej\u201d s\u0119dzia Dominik Czeszkiewicz.<\/p>\n<p>Kolejny atak na Czeszkiewicza przypu\u015bci\u0142 Ryszard Filipow, wiceprzewodnicz\u0105cy wydzia\u0142u karnego w S\u0105dzie Okr\u0119gowym w Suwa\u0142kach \u2013 przeanalizowa\u0142 orzecznictwo dotycz\u0105ce kar \u0142\u0105cznych (dotycz\u0105 skazanych odpowiadaj\u0105cych za kilka przest\u0119pstw) i wykry\u0142, \u017ce s\u0119dzia Czeszkiewicz ma na koncie nietrafne rozstrzygni\u0119cia. Kolegium s\u0105du okr\u0119gowego przekaza\u0142o r\u00f3wnie\u017c t\u0119 spraw\u0119 rzecznikowi dyscyplinarnemu. Co ciekawe, Filipow tak\u017ce orzeka\u0142 w sprawie KOD i uchyli\u0142 w przewa\u017caj\u0105cej cz\u0119\u015bci drugi wyrok uniewinniaj\u0105cy.<\/p>\n<p>Morawiec: \u2013 Zarzucane s\u0119dziemu uchybienia s\u0105 efektem zmiany linii orzeczniczej s\u0105du apelacyjnego w sprawach dotycz\u0105cych wyrok\u00f3w \u0142\u0105cznych. Wszystko to wygl\u0105da, jakby szukano kija, by uderzy\u0107 w Czeszkiewicza.<\/p>\n<p><strong>Do trzech razy sztuka<\/strong><\/p>\n<p>Sprawa dzia\u0142aczy KOD wr\u00f3ci\u0142a w\u0142a\u015bnie trzeci raz do pierwszej instancji. Tym razem do s\u0119dziego Tomasza Szeligowskiego. \u2013 Wsp\u00f3\u0142czuj\u0119 s\u0119dziemu, kt\u00f3ry obecnie rozstrzyga spraw\u0119. Jest pod wielk\u0105 presj\u0105 \u2013 uwa\u017ca Czeszkiewicz.<\/p>\n<p>\u2013 Jest oczywiste, \u017ce g\u0142\u00f3wnym celem szykan jest wywarcie wp\u0142ywu nie na s\u0119dziego Czeszkiewicza, ale na s\u0119dziego, kt\u00f3ry teraz rozstrzyga spraw\u0119 KOD. To tak\u017ce komunikat dla wszystkich s\u0119dzi\u00f3w w Polsce, kt\u00f3rzy orzekaj\u0105 nie po my\u015bli tego czy innego ministra \u2013 m\u00f3wi \u201eWyborczej\u201d jeden z prawnik\u00f3w, kt\u00f3ry zna szczeg\u00f3\u0142y sprawy.<br \/>\nRPO interweniuje<\/p>\n<p>W sprawie Czeszkiewicza po naszej publikacji b\u0119dzie interweniowa\u0142 rzecznik praw obywatelskich. &#8211; Podejmiemy z urz\u0119du opisan\u0105 dzi\u015b spraw\u0119. Skierujemy wyst\u0105pienie do prezesa s\u0105du \u2013 dowiedzia\u0142a si\u0119 w pi\u0105tek &#8222;Wyborcza&#8221; ze \u017ar\u00f3de\u0142 w biurze RPO. <\/p>\n<p>gazeta.pl<\/p>\n","protected":false},"excerpt":{"rendered":"<p>Kolejne szykany dotykaj\u0105 suwalskiego s\u0119dziego Dominika Czeszkiewicza, kt\u00f3ry w styczniu ubieg\u0142ego roku uniewinni\u0142 dzia\u0142aczy KOD. Celem mo\u017ce by\u0107 zastraszenie innego s\u0119dziego orzekaj\u0105cego w tej sprawie. Interwencj\u0119 zapowiedzia\u0142 rzecznik praw obywatelskich. O szykanach wobec dw\u00f3ch s\u0119dzi\u00f3w, kt\u00f3rzy uniewinnili dzia\u0142aczy KOD w &hellip; <a href=\"https:\/\/www.bezprawie.pl\/?p=671\">Czytaj dalej <span class=\"meta-nav\">&rarr;<\/span><\/a><\/p>\n","protected":false},"author":1,"featured_media":0,"comment_status":"open","ping_status":"open","sticky":false,"template":"","format":"standard","meta":{"footnotes":""},"categories":[3],"tags":[18],"class_list":["post-671","post","type-post","status-publish","format-standard","hentry","category-polska","tag-sad"],"_links":{"self":[{"href":"https:\/\/www.bezprawie.pl\/index.php?rest_route=\/wp\/v2\/posts\/671","targetHints":{"allow":["GET"]}}],"collection":[{"href":"https:\/\/www.bezprawie.pl\/index.php?rest_route=\/wp\/v2\/posts"}],"about":[{"href":"https:\/\/www.bezprawie.pl\/index.php?rest_route=\/wp\/v2\/types\/post"}],"author":[{"embeddable":true,"href":"https:\/\/www.bezprawie.pl\/index.php?rest_route=\/wp\/v2\/users\/1"}],"replies":[{"embeddable":true,"href":"https:\/\/www.bezprawie.pl\/index.php?rest_route=%2Fwp%2Fv2%2Fcomments&post=671"}],"version-history":[{"count":1,"href":"https:\/\/www.bezprawie.pl\/index.php?rest_route=\/wp\/v2\/posts\/671\/revisions"}],"predecessor-version":[{"id":672,"href":"https:\/\/www.bezprawie.pl\/index.php?rest_route=\/wp\/v2\/posts\/671\/revisions\/672"}],"wp:attachment":[{"href":"https:\/\/www.bezprawie.pl\/index.php?rest_route=%2Fwp%2Fv2%2Fmedia&parent=671"}],"wp:term":[{"taxonomy":"category","embeddable":true,"href":"https:\/\/www.bezprawie.pl\/index.php?rest_route=%2Fwp%2Fv2%2Fcategories&post=671"},{"taxonomy":"post_tag","embeddable":true,"href":"https:\/\/www.bezprawie.pl\/index.php?rest_route=%2Fwp%2Fv2%2Ftags&post=671"}],"curies":[{"name":"wp","href":"https:\/\/api.w.org\/{rel}","templated":true}]}}