{"id":673,"date":"2018-03-20T09:41:58","date_gmt":"2018-03-20T09:41:58","guid":{"rendered":"http:\/\/www.bezprawie.pl\/?p=673"},"modified":"2018-03-20T09:42:57","modified_gmt":"2018-03-20T09:42:57","slug":"prokuratura-idzie-w-zaparte-kolejny-ekspert-mowi-plagiat","status":"publish","type":"post","link":"https:\/\/www.bezprawie.pl\/?p=673","title":{"rendered":"Prokuratura idzie w zaparte. Kolejny ekspert m\u00f3wi &#8222;plagiat&#8221;"},"content":{"rendered":"<p>Prokuratura Krajowa odm\u00f3wi\u0142a wszcz\u0119cia post\u0119powania przygotowawczego przeciw Aldonie Lemie i Beacie Marczak &#8211; \u015bledczym, kt\u00f3re pope\u0142ni\u0142y wielokrotny plagiat w pi\u015bmie do Sejmu. Jako pow\u00f3d podano &#8222;brak znamion czynu zabronionego&#8221;. Broni\u0105ca &#8222;swoich&#8221; (prok. Lema jest delegowana do PK, prok. Marczak to zast\u0119pca Prokuratora Generalnego) decyzja jest jawnie sprzeczna z opiniami ekspert\u00f3w prawa autorskiego, wprost m\u00f3wi\u0105cymi o z\u0142amaniu prawa.<\/p>\n<p>O wykorzystaniu w skierowanym do Sejmu wniosku ws. zatrzymania i aresztowania Stanis\u0142awa Gaw\u0142owskiego kilkudziesi\u0119ciu fragment\u00f3w cudzych prac piszemy ju\u017c od kilku tygodni. Pierwsze by\u0142y przedstawione przez prok. Lem\u0119 jako swoje s\u0142owa nie\u017cyj\u0105cego toru\u0144skiego karnisty, prof. Andrzeja Marka. Potem odkryli\u015bmy fragmenty przepisane \u017cywcem tak\u017ce z komentarzy prof. Dariusza \u015awieckiego, s\u0119dziego Izby Karnej S\u0105du Najwy\u017cszego. Kolejne odkrycia to fragmenty prac pod redakcj\u0105 dra Damiana Flisaka oraz przedstawione jako swoje fragmenty komentarza do prawa autorskiego pod redakcj\u0105 prof. Ryszarda Markiewicza &#8211; jak na ironi\u0119 dotycz\u0105ce w\u0142a\u015bnie istoty plagiatu.<\/p>\n<p>Czytaj wi\u0119cej na <a href=\"http:\/\/www.rmf24.pl\/tylko-w-rmf24\/tomasz_skory\/blogi\/news-prokuratura-idzie-w-zaparte-kolejny-ekspert-mowi-plagiat,nId,2558590#utm_source=paste&#038;utm_medium=paste&#038;utm_campaign=firefoxhttp:\/\/www.rmf24.pl\/\" rel=\"noopener\" target=\"_blank\">http:\/\/www.rmf24.pl\/<\/a><\/p>\n","protected":false},"excerpt":{"rendered":"<p>Prokuratura Krajowa odm\u00f3wi\u0142a wszcz\u0119cia post\u0119powania przygotowawczego przeciw Aldonie Lemie i Beacie Marczak &#8211; \u015bledczym, kt\u00f3re pope\u0142ni\u0142y wielokrotny plagiat w pi\u015bmie do Sejmu. Jako pow\u00f3d podano &#8222;brak znamion czynu zabronionego&#8221;. Broni\u0105ca &#8222;swoich&#8221; (prok. Lema jest delegowana do PK, prok. Marczak to &hellip; <a href=\"https:\/\/www.bezprawie.pl\/?p=673\">Czytaj dalej <span class=\"meta-nav\">&rarr;<\/span><\/a><\/p>\n","protected":false},"author":1,"featured_media":0,"comment_status":"open","ping_status":"open","sticky":false,"template":"","format":"standard","meta":{"footnotes":""},"categories":[3],"tags":[120,155,17],"class_list":["post-673","post","type-post","status-publish","format-standard","hentry","category-polska","tag-plagiat","tag-prawa-autorskie","tag-prokuratura"],"_links":{"self":[{"href":"https:\/\/www.bezprawie.pl\/index.php?rest_route=\/wp\/v2\/posts\/673","targetHints":{"allow":["GET"]}}],"collection":[{"href":"https:\/\/www.bezprawie.pl\/index.php?rest_route=\/wp\/v2\/posts"}],"about":[{"href":"https:\/\/www.bezprawie.pl\/index.php?rest_route=\/wp\/v2\/types\/post"}],"author":[{"embeddable":true,"href":"https:\/\/www.bezprawie.pl\/index.php?rest_route=\/wp\/v2\/users\/1"}],"replies":[{"embeddable":true,"href":"https:\/\/www.bezprawie.pl\/index.php?rest_route=%2Fwp%2Fv2%2Fcomments&post=673"}],"version-history":[{"count":2,"href":"https:\/\/www.bezprawie.pl\/index.php?rest_route=\/wp\/v2\/posts\/673\/revisions"}],"predecessor-version":[{"id":675,"href":"https:\/\/www.bezprawie.pl\/index.php?rest_route=\/wp\/v2\/posts\/673\/revisions\/675"}],"wp:attachment":[{"href":"https:\/\/www.bezprawie.pl\/index.php?rest_route=%2Fwp%2Fv2%2Fmedia&parent=673"}],"wp:term":[{"taxonomy":"category","embeddable":true,"href":"https:\/\/www.bezprawie.pl\/index.php?rest_route=%2Fwp%2Fv2%2Fcategories&post=673"},{"taxonomy":"post_tag","embeddable":true,"href":"https:\/\/www.bezprawie.pl\/index.php?rest_route=%2Fwp%2Fv2%2Ftags&post=673"}],"curies":[{"name":"wp","href":"https:\/\/api.w.org\/{rel}","templated":true}]}}