{"id":685,"date":"2018-07-23T18:15:12","date_gmt":"2018-07-23T18:15:12","guid":{"rendered":"http:\/\/www.bezprawie.pl\/?p=685"},"modified":"2018-07-23T18:15:12","modified_gmt":"2018-07-23T18:15:12","slug":"policjant-z-olesnicy-oskarzony-o-tortury-szukal-sprawcow-pobicia-swojego-syna-ktory-spadl-z-roweru","status":"publish","type":"post","link":"https:\/\/www.bezprawie.pl\/?p=685","title":{"rendered":"Policjant z Ole\u015bnicy oskar\u017cony o tortury. Szuka\u0142 sprawc\u00f3w pobicia swojego syna&#8230; kt\u00f3ry spad\u0142 z roweru"},"content":{"rendered":"<p>Policjant z Ole\u015bnicy oskar\u017cony o torturowanie dw\u00f3ch m\u0142odych m\u0119\u017cczyzn. Mia\u0142 pr\u00f3bowa\u0107 wymusi\u0107 na nich przyznanie si\u0119 do pobicia jego syna. Akt oskar\u017cenia opisuje bicie, kopanie po brzuchu, plecach i \u017cebrach, duszenie foliowym workiem i bicie linijk\u0105 po g\u0142owie. A syna policjanta nikt nie pobi\u0142.<\/p>\n<p>Do tragedii dosz\u0142o w lutym 2015 roku. To bardzo g\u0142o\u015bna sprawa. Informowa\u0142y o niej media w ca\u0142ej Polsce. By\u0142y manifestacje pod siedzib\u0105 ole\u015bnickiej policji. By\u0142a dymisja komendanta. Oskar\u017cony funkcjonariusz do winy si\u0119 nie przyznaje. Przekonuje, \u017ce nie by\u0142o go z zatrzymanymi m\u0119\u017cczyznami. A z tre\u015bci aktu oskar\u017cenia wynika, \u017ce w torturach mieli uczestniczy\u0107 r\u00f3wnie\u017c inni funkcjonariusze. Nie uda\u0142o si\u0119 jednak ustali\u0107 kto konkretnie. By\u0107 mo\u017ce wi\u0119c wci\u0105\u017c w policji pracuj\u0105 ludzie zamieszani w wymuszanie zezna\u0144 torturami.<\/p>\n<p>Jeden si\u0119 przyzna\u0142 do pobicia, bo nie wytrzyma\u0142&#8230; Bezsporne s\u0105 trzy sprawy &#8211; dwaj m\u0142odzi m\u0119\u017cczy\u017ani byli zatrzymani. Jeden nawet przyzna\u0142 si\u0119 do pobicia siedemnastolatka, syna policjanta. Bezsporne jest te\u017c to, \u017ce zostali pobici, bo by\u0142y \u015blady. Nie ma w\u0105tpliwo\u015bci, \u017ce syn policjanta pobity nie by\u0142. Z\u0142o\u017cy\u0142 fa\u0142szywe zeznania, bo nie chcia\u0142 si\u0119 przyzna\u0107 do wypadku na rowerze. Zosta\u0142 ju\u017c prawomocnie skazany. Problem w tym, czy Sebastian i Pawe\u0142 bici byli na komendzie i w okoliczno\u015bciach, o jakich opowiadali. Oskar\u017cenie jest pewne, \u017ce tak. Chocia\u017c w aktach sprawy s\u0105 sprzeczne ze sob\u0105 opinie ekspert\u00f3w z medycyny s\u0105dowej. Sebastian: Kopali mnie po genitaliach, deptali po twarzy Patryk P., syn funkcjonariusza ole\u015bnickiej Komendy Powiatowej zg\u0142osi\u0142, \u017ce zosta\u0142 pobity przez nieznanych sprawc\u00f3w, gdy jecha\u0142 rowerem do domu. Polica wszcz\u0119\u0142a w tej sprawie \u015bledztwo. Szybko w aktach pojawi\u0142a si\u0119 notatka s\u0142u\u017cbowa, \u017ce sprawcami mog\u0105 by\u0107 Sebastian K. i Pawe\u0142 S. Zostali zatrzymani. I zacz\u0105\u0142 si\u0119 ich dramat. Sebastian opowiada\u0142 potem, \u017ce policjanci zaprowadzili go do pokoju w komendzie i tam zacz\u0119li kopa\u0107 po genitaliach. Zakutego w kajdanki ci\u0105gn\u0119li za r\u0119ce po pod\u0142odze, podwieszali do g\u00f3ry, deptali po jego twarzy. M\u00f3wili co\u015b o pobitym rowerzy\u015bcie. W pewnym momencie do pokoju wszed\u0142 m\u0119\u017cczyzna, kt\u00f3ry przedstawi\u0142 si\u0119 za ojca pobitego ch\u0142opaka. Uderzy\u0142 Sebastiana w twarz tak, \u017ce ten spad\u0142 z krzes\u0142a na pod\u0142og\u0119. Kl\u0119kn\u0105\u0142 na nim chwyci\u0142 za szcz\u0119k\u0119 i powiedzia\u0142: \u201eI tak zginiesz w wi\u0119zieniu, a jak nie to jak wyjdziesz, to ci wybij\u0119 wszystkie z\u0119by i po\u0142ami\u0119 szcz\u0119k\u0119\u201d. Pod wp\u0142ywem tortur Sebastian do zarzut\u00f3w si\u0119 przyzna\u0142 i us\u0142ysza\u0142 zarzuty pobicia. Pawe\u0142: za\u0142o\u017cyli mi worek foliowy na twarz Drugi z zatrzymanych &#8211; Pawe\u0142 &#8211; te\u017c mia\u0142 si\u0119 spotka\u0107 z ojcem Patryka. Zacz\u0105\u0142 od uderzenia otwart\u0105 d\u0142oni\u0105 w twarz tak, \u017ce Pawe\u0142 upad\u0142 na ziemi\u0119. Potem kopa\u0142 w brzuch, nogi i plecy. Uderzy\u0142 pi\u0119\u015bci\u0105 w \u017cebra. Pokaza\u0142 zdj\u0119cie swojego syna i krzycza\u0142 do Paw\u0142a, \u017ce go za\u0142atwi. Potem policjanci mieli za\u0142o\u017cy\u0107 zatrzymanemu worek foliowy na twarz i bi\u0107 linijk\u0105 po g\u0142owie. Tak mocno, \u017ce linijka si\u0119 z\u0142ama\u0142a. Matka Sebastiana zezna\u0142a w \u015bledztwie, \u017ce syn wr\u00f3ci\u0142 z policji ca\u0142y roztrz\u0119siony. By\u0142 posiniaczony. Opowiada\u0142, \u017ce si\u0119 przyzna\u0142, bo nie wytrzyma\u0142 bicia. Jaki\u015b czas p\u00f3\u017aniej, gdy wysz\u0142o na jaw, \u017ce Patryk k\u0142ama\u0142 m\u00f3wi\u0105c o pobiciu, jego ojciec przyszed\u0142 do Sebastiana do domu. Prosi\u0142, by nie wnosi\u0107 oskar\u017cenia. Obiecywa\u0142 pieni\u0105dze. Ale \u015bledztwo wszcz\u0119to. kto jeszcze w tym uczestniczy\u0142? prokuratura nie wie Jednak prokuratura jest pewna tylko co do tego, \u017ce ojciec Patryka uczestniczy\u0142 w biciu. Innych sprawc\u00f3w w \u015bledztwie nie ustalono. Pawe\u0142 nie by\u0142 w stanie rozpozna\u0107 innych policjant\u00f3w. A Sebastian nie doczeka\u0142 zezna\u0144. Zgin\u0105\u0142 w wypadku drogowym kilka tygodni p\u00f3\u017aniej.<\/p>\n<p>gazetawroclawska.pl<\/p>\n","protected":false},"excerpt":{"rendered":"<p>Policjant z Ole\u015bnicy oskar\u017cony o torturowanie dw\u00f3ch m\u0142odych m\u0119\u017cczyzn. Mia\u0142 pr\u00f3bowa\u0107 wymusi\u0107 na nich przyznanie si\u0119 do pobicia jego syna. Akt oskar\u017cenia opisuje bicie, kopanie po brzuchu, plecach i \u017cebrach, duszenie foliowym workiem i bicie linijk\u0105 po g\u0142owie. A syna &hellip; <a href=\"https:\/\/www.bezprawie.pl\/?p=685\">Czytaj dalej <span class=\"meta-nav\">&rarr;<\/span><\/a><\/p>\n","protected":false},"author":1,"featured_media":0,"comment_status":"open","ping_status":"open","sticky":false,"template":"","format":"standard","meta":{"footnotes":""},"categories":[157],"tags":[19,16],"class_list":["post-685","post","type-post","status-publish","format-standard","hentry","category-olesnica","tag-pobicie","tag-policja"],"_links":{"self":[{"href":"https:\/\/www.bezprawie.pl\/index.php?rest_route=\/wp\/v2\/posts\/685","targetHints":{"allow":["GET"]}}],"collection":[{"href":"https:\/\/www.bezprawie.pl\/index.php?rest_route=\/wp\/v2\/posts"}],"about":[{"href":"https:\/\/www.bezprawie.pl\/index.php?rest_route=\/wp\/v2\/types\/post"}],"author":[{"embeddable":true,"href":"https:\/\/www.bezprawie.pl\/index.php?rest_route=\/wp\/v2\/users\/1"}],"replies":[{"embeddable":true,"href":"https:\/\/www.bezprawie.pl\/index.php?rest_route=%2Fwp%2Fv2%2Fcomments&post=685"}],"version-history":[{"count":1,"href":"https:\/\/www.bezprawie.pl\/index.php?rest_route=\/wp\/v2\/posts\/685\/revisions"}],"predecessor-version":[{"id":686,"href":"https:\/\/www.bezprawie.pl\/index.php?rest_route=\/wp\/v2\/posts\/685\/revisions\/686"}],"wp:attachment":[{"href":"https:\/\/www.bezprawie.pl\/index.php?rest_route=%2Fwp%2Fv2%2Fmedia&parent=685"}],"wp:term":[{"taxonomy":"category","embeddable":true,"href":"https:\/\/www.bezprawie.pl\/index.php?rest_route=%2Fwp%2Fv2%2Fcategories&post=685"},{"taxonomy":"post_tag","embeddable":true,"href":"https:\/\/www.bezprawie.pl\/index.php?rest_route=%2Fwp%2Fv2%2Ftags&post=685"}],"curies":[{"name":"wp","href":"https:\/\/api.w.org\/{rel}","templated":true}]}}