{"id":688,"date":"2018-09-14T21:11:37","date_gmt":"2018-09-14T21:11:37","guid":{"rendered":"http:\/\/www.bezprawie.pl\/?p=688"},"modified":"2018-09-14T21:11:37","modified_gmt":"2018-09-14T21:11:37","slug":"dyzurna-prokuratura-od-pobicia-kobiet-nie-pierwszy-raz-umarzala-niewygodne-dla-pis-sprawy","status":"publish","type":"post","link":"https:\/\/www.bezprawie.pl\/?p=688","title":{"rendered":"&#8222;Dy\u017curna prokuratura&#8221; od pobicia kobiet. Nie pierwszy raz umarza\u0142a niewygodne dla PiS sprawy"},"content":{"rendered":"<p>&#8222;Dy\u017curna prokuratura&#8221; &#8211; tak o decyzjach prokurator Magdaleny Ko\u0142odziej ze sto\u0142ecznej Prokuratury Okr\u0119gowej m\u00f3wi lider PO Grzegorz Schetyna. Dziennikarze przypominaj\u0105, \u017ce w ostatnich miesi\u0105cach Ko\u0142odziej umarza\u0142a kontrowersyjne post\u0119powania.<\/p>\n<p>Kilka dni temu informowali\u015bmy o prokuratorskim umorzeniu \u015bledztwa ws. pobicia kobiet podczas organizowanego przez narodowc\u00f3w Marszu Niepodleg\u0142o\u015bci 11 listopada ubieg\u0142ego roku.<\/p>\n<p>Wed\u0142ug prokurator <strong>Magdaleny Ko\u0142odziej<\/strong> z Prokuratury Okr\u0119gowej w Warszawie szarpanie, uderzanie i wyzywanie kobiet by\u0142o &#8222;okazywaniem niezadowolenia&#8221; przez uczestnik\u00f3w marszu. RMF FM poda\u0142o, \u017ce prokuratura nie zidentyfikowa\u0142a i nie przes\u0142ucha\u0142a podejrzanych.<\/p>\n<p><a href=\"http:\/\/www.bezprawie.pl\/wp-content\/uploads\/IMG_20180911_235212.jpg\"><img loading=\"lazy\" decoding=\"async\" src=\"http:\/\/www.bezprawie.pl\/wp-content\/uploads\/IMG_20180911_235212-1024x627.jpg\" alt=\"\" width=\"584\" height=\"358\" class=\"aligncenter size-large wp-image-689\" srcset=\"https:\/\/www.bezprawie.pl\/wp-content\/uploads\/IMG_20180911_235212-1024x627.jpg 1024w, https:\/\/www.bezprawie.pl\/wp-content\/uploads\/IMG_20180911_235212-300x184.jpg 300w, https:\/\/www.bezprawie.pl\/wp-content\/uploads\/IMG_20180911_235212-768x470.jpg 768w, https:\/\/www.bezprawie.pl\/wp-content\/uploads\/IMG_20180911_235212-490x300.jpg 490w, https:\/\/www.bezprawie.pl\/wp-content\/uploads\/IMG_20180911_235212.jpg 1110w\" sizes=\"auto, (max-width: 584px) 100vw, 584px\" \/><\/a><\/p>\n<p><strong>Sala Kolumnowa i przepustki do Sejmu<\/strong><\/p>\n<p>Jak si\u0119 okazuje, tam sama prokurator w lipcu tego roku umorzy\u0142a post\u0119powanie w sprawie kryzysu sejmowego w grudniu 2016 r., kiedy decyzj\u0105 marsza\u0142ka Sejmu pose\u0142 PO Micha\u0142 Szczerba zosta\u0142 wykluczony z obrad, a te po blokadzie m\u00f3wnicy zosta\u0142y przeniesione do Sali Kolumnowej.<\/p>\n<p>Jak informowa\u0142 w lipcu Onet.pl, prokurator Ko\u0142odziej nie zgadza\u0142a si\u0119 z zarzutami opozycji o \u0142amaniu prawa przez PiS. W uzasadnieniu stwierdza\u0142a, \u017ce to opozycja &#8222;zak\u0142\u00f3ca\u0142a prace Sejmu&#8221; i prowokowa\u0142a marsza\u0142ka. Wznowienie \u015bledztwa mimo tej decyzji nakaza\u0142 w\u00f3wczas s\u0119dzia Igor Tuleya.<\/p>\n<p>&#8222;Fakty&#8221; TVN przypominaj\u0105, \u017ce Magdalena Ko\u0142odziej odm\u00f3wi\u0142a wszcz\u0119cia post\u0119powania w sprawie zakazu wydania dziennikarzom jednorazowych wej\u015bci\u00f3wek do Sejmu w trakcie protestu os\u00f3b niepe\u0142nosprawnych. Przekonywa\u0142a w uzasadnieniu, \u017ce nie by\u0142o to &#8222;utrudnianiem czy t\u0142umieniem krytyki prasowej&#8221;.<\/p>\n<p>&#8211; Tu nie ma przypadku. To jest, niestety, dy\u017curna prokuratura &#8211; komentowa\u0142 w rozmowie z reporterem &#8222;Fakt\u00f3w&#8221; lider PO Grzegorz Schetyna. Prokuratura odm\u00f3wi\u0142a &#8222;Faktom&#8221; komentarza.<\/p>\n<p>Wi\u0119cej: http:\/\/wiadomosci.gazeta.pl\/wiadomosci\/7,114884,23922497,prokurator-kilkukrotnie-umarzala-sprawy-niewygodne-dla-prawicy.html#BoxNewsImg&#038;a=66&#038;c=96<\/p>\n","protected":false},"excerpt":{"rendered":"<p>&#8222;Dy\u017curna prokuratura&#8221; &#8211; tak o decyzjach prokurator Magdaleny Ko\u0142odziej ze sto\u0142ecznej Prokuratury Okr\u0119gowej m\u00f3wi lider PO Grzegorz Schetyna. Dziennikarze przypominaj\u0105, \u017ce w ostatnich miesi\u0105cach Ko\u0142odziej umarza\u0142a kontrowersyjne post\u0119powania. Kilka dni temu informowali\u015bmy o prokuratorskim umorzeniu \u015bledztwa ws. pobicia kobiet podczas &hellip; <a href=\"https:\/\/www.bezprawie.pl\/?p=688\">Czytaj dalej <span class=\"meta-nav\">&rarr;<\/span><\/a><\/p>\n","protected":false},"author":1,"featured_media":0,"comment_status":"open","ping_status":"open","sticky":false,"template":"","format":"standard","meta":{"footnotes":""},"categories":[3],"tags":[150,19,16,93,17],"class_list":["post-688","post","type-post","status-publish","format-standard","hentry","category-polska","tag-pis","tag-pobicie","tag-policja","tag-prokurator","tag-prokuratura"],"_links":{"self":[{"href":"https:\/\/www.bezprawie.pl\/index.php?rest_route=\/wp\/v2\/posts\/688","targetHints":{"allow":["GET"]}}],"collection":[{"href":"https:\/\/www.bezprawie.pl\/index.php?rest_route=\/wp\/v2\/posts"}],"about":[{"href":"https:\/\/www.bezprawie.pl\/index.php?rest_route=\/wp\/v2\/types\/post"}],"author":[{"embeddable":true,"href":"https:\/\/www.bezprawie.pl\/index.php?rest_route=\/wp\/v2\/users\/1"}],"replies":[{"embeddable":true,"href":"https:\/\/www.bezprawie.pl\/index.php?rest_route=%2Fwp%2Fv2%2Fcomments&post=688"}],"version-history":[{"count":1,"href":"https:\/\/www.bezprawie.pl\/index.php?rest_route=\/wp\/v2\/posts\/688\/revisions"}],"predecessor-version":[{"id":690,"href":"https:\/\/www.bezprawie.pl\/index.php?rest_route=\/wp\/v2\/posts\/688\/revisions\/690"}],"wp:attachment":[{"href":"https:\/\/www.bezprawie.pl\/index.php?rest_route=%2Fwp%2Fv2%2Fmedia&parent=688"}],"wp:term":[{"taxonomy":"category","embeddable":true,"href":"https:\/\/www.bezprawie.pl\/index.php?rest_route=%2Fwp%2Fv2%2Fcategories&post=688"},{"taxonomy":"post_tag","embeddable":true,"href":"https:\/\/www.bezprawie.pl\/index.php?rest_route=%2Fwp%2Fv2%2Ftags&post=688"}],"curies":[{"name":"wp","href":"https:\/\/api.w.org\/{rel}","templated":true}]}}