{"id":691,"date":"2018-09-18T10:23:56","date_gmt":"2018-09-18T10:23:56","guid":{"rendered":"http:\/\/www.bezprawie.pl\/?p=691"},"modified":"2018-09-18T10:40:11","modified_gmt":"2018-09-18T10:40:11","slug":"walbrzych-pobieranie-oplat-na-parkingach-przy-ul-kasztanowej-ul-kilinskiego-ul-rycerskiej-%d0%b0l-wyzwolenia-oraz-oplat-za-wynajem-placu-na-parkingu-przy-ul-rycerskiej-nielegalne","status":"publish","type":"post","link":"https:\/\/www.bezprawie.pl\/?p=691","title":{"rendered":"Wa\u0142brzych: Pobieranie op\u0142at na parkingach przy ul. Kasztanowej, ul. Kili\u0144skiego, ul. Rycerskiej, \u0430l. Wyzwolenia oraz op\u0142at za wynajem placu na parkingu przy ul. Rycerskiej &#8211; nielegalne!"},"content":{"rendered":"<p>Pobieranie op\u0142at na parkingach przy ul. Kasztanowej, ul. Kili\u0144skiego, ul. Rycerskiej, \u0430l. Wyzwolenia oraz op\u0142at za wynajem placu na parkingu przy ul. Rycerskiej w Wa\u0142brzychu &#8211; nielegalne!<\/p>\n<p>Tak 21 sierpnia 2018 r. orzek\u0142 WSA we Wroc\u0142awiu w sprawie o sygnaturze <strong>III SA\/Wr 226\/18<\/strong> a dok\u0142adnie s\u0105d stwierdzi\u0142 niewa\u017cno\u015b\u0107 zarz\u0105dzenia Prezydenta Miasta Wa\u0142brzycha z dnia 30 kwietnia 2014 roku &#8211; zarz\u0105dzenie numer 398\/2014.<\/p>\n<p>Okazuje si\u0119, i\u017c Miasto Wa\u0142brzych &#8222;ustanowi\u0142o&#8221; op\u0142aty za parkowanie pojazd\u00f3w na w\/w ulicach pomimo , i\u017c nie s\u0105 to drogi publiczne. Miasto kaza\u0142o sobie p\u0142aci\u0107 do\u015b\u0107 wysokie stawki odpowiednio 2 z\u0142 i  15 z\u0142 za godzin\u0119. Jednak skandalem by\u0142 &#8222;op\u0142ata dodatkowa&#8221; 250,00 z\u0142 w przypadku nie uiszczenia op\u0142aty.<\/p>\n\n\t\t<div class=\"wppdfemb-frame-container-1\" style=\"-webkit-overflow-scrolling:auto;\">\n\t\t\t<iframe class=\"pdfembed-iframe nonfullscreen wppdf-emb-iframe-1\"\n\t\t\t\tsrc=\"https:\/\/www.bezprawie.pl\/?pdfemb-data=eyJ1cmwiOiJodHRwOlwvXC93d3cuYmV6cHJhd2llLnBsXC93cC1jb250ZW50XC91cGxvYWRzXC9aYXJ6XHUwMTA1ZHplbmllLW5yLTM5OC1QcmV6eWRlbnQtTWlzYXRhLVdhbGJyenljaC5wZGYiLCJ0aXRsZSI6IlphcnpcdTAxMDVkemVuaWUgbnIgMzk4IFByZXp5ZGVudCBNaWFzdGEgV2FcdTAxNDJicnp5Y2giLCJpbmRleCI6MSwicGRmSUQiOjY5NH0\"\n\t\t\t\ttitle=\"Zarz\u0105dzenie nr 398 Prezydent Miasta Wa\u0142brzych\"\t\t\t\tdata-pdf-id=\"694\"\n\t\t\t\tdata-pdf-index=\"1\"\n\t\t\t\tstyle=\"border:none;width:100%;max-width:100%;height:100vh;\"\n\t\t\t\tscrolling=\"yes\">\n\t\t\t<\/iframe>\n\t\t<\/div>\n\n\t\t\n<p>Okazuje si\u0119, i\u017c os\u00f3b ukaranych &#8222;op\u0142at\u0105 dodatkow\u0105&#8221; by\u0142o bardzo du\u017co ale nikt nie zaprotestowa\u0142 &#8230; do momentu kiedy Miasto Wa\u0142brzych zacz\u0119\u0142o dochodzi\u0107 swoich nale\u017cno\u015bci w s\u0105dzie.<\/p>\n<p>Wtedy w\u0142a\u015bciciel aut kt\u00f3re parkowa\u0142y na spornym terenie zdecydowa\u0142 si\u0119 zaskar\u017cy\u0107 do WSA we Wroc\u0142awiu podstaw\u0119 prawn\u0105 -zarz\u0105dzenie- kt\u00f3re pozwala\u0142o na pobieranie op\u0142at.<\/p>\n<p>Wyrok s\u0105du jaki zapad\u0142 21 sierpnia 2018 roku jest jednoznaczny, zarz\u0105dzenie Prezydenta Miasta Wa\u0142brzych jest NIEWA\u017bNE! Oznacza to, i\u017c an tej podstawie nie tylko parkuj\u0105cy auta mog\u0105 domaga\u0107 si\u0119 zwrotu &#8222;op\u0142at dodatkowych&#8221; w wysoko\u015bci 250 z\u0142 ale mog\u0105 domaga\u0107 si\u0119 tak\u017ce zwrotu op\u0142at za parkowanie.<\/p>\n\n\t\t<div class=\"wppdfemb-frame-container-2\" style=\"-webkit-overflow-scrolling:auto;\">\n\t\t\t<iframe class=\"pdfembed-iframe nonfullscreen wppdf-emb-iframe-2\"\n\t\t\t\tsrc=\"https:\/\/www.bezprawie.pl\/?pdfemb-data=eyJ1cmwiOiJodHRwOlwvXC93d3cuYmV6cHJhd2llLnBsXC93cC1jb250ZW50XC91cGxvYWRzXC93eXJvay16LXV6YXNhZG5pZW5pZW0tcGFya293YW5pZS1XYWxicnp5Y2gtV1NBLUlJSS1TQS1Xci0yMjYtMTgucGRmIiwidGl0bGUiOiJ3eXJvayB6IHV6YXNhZG5pZW5pZW0gcGFya293YW5pZSBXYWxicnp5Y2ggV1NBIElJSSBTQSBXciAyMjYtMTgiLCJpbmRleCI6MiwicGRmSUQiOjY5NX0\"\n\t\t\t\ttitle=\"wyrok z uzasadnieniem parkowanie Walbrzych WSA III SA Wr 226-18\"\t\t\t\tdata-pdf-id=\"695\"\n\t\t\t\tdata-pdf-index=\"2\"\n\t\t\t\tstyle=\"border:none;width:100%;max-width:100%;height:100vh;\"\n\t\t\t\tscrolling=\"yes\">\n\t\t\t<\/iframe>\n\t\t<\/div>\n\n\t\t\n<p>O ile mo\u017cemy zrozumie\u0107, i\u017c Prezydent Miasta Wa\u0142brzych mo\u017ce si\u0119 nie zna\u0107 na prawie i podpisa\u0107 niewa\u017cne zarz\u0105dzenie o tyle pytamy si\u0119 dlaczego do tego dopu\u015bci\u0142y Pani radca prawny <strong>Jolanta Szewczyk<\/strong> i Pani radca prawny <strong>Julitta Hekiert<\/strong>?<\/p>\n<p>Zaskar\u017cone zarz\u0105dzenie obowi\u0105zywa\u0142a w okresie od 1 czerwca 2014 do 30 kwietnia 2015 roku. Wyrok nie jest prawomocny.<\/p>\n<p>Kolejne zarz\u0105dzenia dotycz\u0105ce op\u0142at parkingowych w Wa\u0142brzychu tak\u017ce zostan\u0105 zaskar\u017cone do WSA przez t\u0119 sam\u0105 osob\u0119.<\/p>\n<p>LC<\/p>\n","protected":false},"excerpt":{"rendered":"<p>Pobieranie op\u0142at na parkingach przy ul. Kasztanowej, ul. Kili\u0144skiego, ul. Rycerskiej, \u0430l. Wyzwolenia oraz op\u0142at za wynajem placu na parkingu przy ul. Rycerskiej w Wa\u0142brzychu &#8211; nielegalne! Tak 21 sierpnia 2018 r. orzek\u0142 WSA we Wroc\u0142awiu w sprawie o sygnaturze &hellip; <a href=\"https:\/\/www.bezprawie.pl\/?p=691\">Czytaj dalej <span class=\"meta-nav\">&rarr;<\/span><\/a><\/p>\n","protected":false},"author":1,"featured_media":0,"comment_status":"open","ping_status":"open","sticky":false,"template":"","format":"standard","meta":{"footnotes":""},"categories":[14],"tags":[158],"class_list":["post-691","post","type-post","status-publish","format-standard","hentry","category-walbrzych","tag-oplaty-parkingowe"],"_links":{"self":[{"href":"https:\/\/www.bezprawie.pl\/index.php?rest_route=\/wp\/v2\/posts\/691","targetHints":{"allow":["GET"]}}],"collection":[{"href":"https:\/\/www.bezprawie.pl\/index.php?rest_route=\/wp\/v2\/posts"}],"about":[{"href":"https:\/\/www.bezprawie.pl\/index.php?rest_route=\/wp\/v2\/types\/post"}],"author":[{"embeddable":true,"href":"https:\/\/www.bezprawie.pl\/index.php?rest_route=\/wp\/v2\/users\/1"}],"replies":[{"embeddable":true,"href":"https:\/\/www.bezprawie.pl\/index.php?rest_route=%2Fwp%2Fv2%2Fcomments&post=691"}],"version-history":[{"count":5,"href":"https:\/\/www.bezprawie.pl\/index.php?rest_route=\/wp\/v2\/posts\/691\/revisions"}],"predecessor-version":[{"id":699,"href":"https:\/\/www.bezprawie.pl\/index.php?rest_route=\/wp\/v2\/posts\/691\/revisions\/699"}],"wp:attachment":[{"href":"https:\/\/www.bezprawie.pl\/index.php?rest_route=%2Fwp%2Fv2%2Fmedia&parent=691"}],"wp:term":[{"taxonomy":"category","embeddable":true,"href":"https:\/\/www.bezprawie.pl\/index.php?rest_route=%2Fwp%2Fv2%2Fcategories&post=691"},{"taxonomy":"post_tag","embeddable":true,"href":"https:\/\/www.bezprawie.pl\/index.php?rest_route=%2Fwp%2Fv2%2Ftags&post=691"}],"curies":[{"name":"wp","href":"https:\/\/api.w.org\/{rel}","templated":true}]}}