{"id":703,"date":"2018-09-21T10:31:00","date_gmt":"2018-09-21T10:31:00","guid":{"rendered":"http:\/\/www.bezprawie.pl\/?p=703"},"modified":"2018-09-21T10:31:00","modified_gmt":"2018-09-21T10:31:00","slug":"sedzia-z-zarzutami-dyscyplinarnymi-do-resortu-sprawiedliwosci","status":"publish","type":"post","link":"https:\/\/www.bezprawie.pl\/?p=703","title":{"rendered":"S\u0119dzia z zarzutami dyscyplinarnymi do resortu sprawiedliwo\u015bci"},"content":{"rendered":"<p>Zarzut przewlek\u0142o\u015bci a\u017c w 82 prowadzonych sprawach, niestosowanie si\u0119 do zalece\u0144 prezesa s\u0105du, uchybienie godno\u015bci urz\u0119du s\u0119dziego. Mimo to praca w ministerstwie i podw\u00f3jna pensja.<\/p>\n<p>Mowa o s\u0119dzim S\u0105du Rejonowego w Olsztynie Tomaszu Koszewskim. Post\u0119powanie dyscyplinarne przeciwko niemu zast\u0119pca rzecznika dyscyplinarnego wszcz\u0105\u0142 pod koniec zesz\u0142ego roku. Nadal jest ono w toku. Tymczasem s\u0119dzia 18 czerwca br. zosta\u0142 delegowany przez ministra sprawiedliwo\u015bci do wykonywania czynno\u015bci w podleg\u0142ym mu resorcie. Mia\u0142 tam pracowa\u0107 do 17 grudnia br. Wczoraj okaza\u0142o si\u0119 jednak, \u017ce okres delegacji zosta\u0142 s\u0119dziemu Koszewskiemu skr\u00f3cony do 30 wrze\u015bnia br. Tak\u0105 informacj\u0119 poda\u0142o biuro prasowe MS po kilku dniach od zadania przez DGP pyta\u0144 na temat okoliczno\u015bci sprowadzenia s\u0119dziego do pracy w resorcie. Nie podano powod\u00f3w takiej decyzji ministra. <\/p>\n<p>\u2013 Sytuacja jest wprost niewiarygodna. To skandal, \u017ce dopiero interwencja dziennikarza spowodowa\u0142a, \u017ce podj\u0105\u0142 on jedyn\u0105 w\u0142a\u015bciw\u0105 decyzj\u0119 i skr\u00f3ci\u0142 okres delegacji s\u0119dziemu, na kt\u00f3rym ci\u0105\u017c\u0105 tak powa\u017cne zarzuty dyscyplinarne \u2013 komentuje Beata Morawiec, s\u0119dzia S\u0105du Okr\u0119gowego w Krakowie, prezes Stowarzyszenia S\u0119dzi\u00f3w Themis.<br \/>\nZarzuty i skargi<\/p>\n<p>Wszcz\u0119cie post\u0119powania dyscyplinarnego przeciw s\u0119dziemu Tomaszowi Koszewskiemu potwierdza Piotr Schab, rzecznik dyscyplinarny.<\/p>\n<p>\u2013 Zarzuty dotycz\u0105 naruszenia wymog\u00f3w w zakresie sprawno\u015bci post\u0119powania s\u0105dowego w 82 sprawach, niestosowania si\u0119 do polece\u0144 nadzorczych oraz uchybienia godno\u015bci sprawowanego urz\u0119du \u2013 wylicza rzecznik.<\/p>\n<p>Od s\u0119dzi\u00f3w s\u0105du, w kt\u00f3rym orzeka\u0142 Koszewski, s\u0142yszymy, \u017ce przez ponad rok nie podejmowa\u0142 on \u017cadnych czynno\u015bci w sprawach. A prezes S\u0105du Okr\u0119gowego w Olsztynie ma pono\u0107 \u201eobszern\u0105 teczk\u0119 ze skargami s\u0105siad\u00f3w na zak\u0142\u00f3canie przez s\u0119dziego Koszewskiego porz\u0105dku domowego i ciszy\u201d. DGP zapyta\u0142 o to prezesa SO w Olsztynie, nadal czekamy na odpowied\u017a.<\/p>\n<p>Co istotne, gdy minister podejmowa\u0142 decyzj\u0119 o delegowaniu s\u0119dziego Koszewskiego do MS, w gmachu przy Al. Ujazdowskich musiano wiedzie\u0107 o zarzutach. Biuro prasowe resortu poinformowa\u0142o bowiem, \u017ce \u201eodpis postanowienia Zast\u0119pcy Rzecznika Dyscyplinarnego przy S\u0105dzie Okr\u0119gowym w Olsztynie z 8 grudnia 2017 r. SD 14\/17 o wszcz\u0119ciu post\u0119powania dyscyplinarnego przeciwko Tomaszowi Koszewskiemu \u2013 s\u0119dziemu S\u0105du Rejonowego w Olsztynie \u2013 wp\u0142yn\u0105\u0142 do Ministerstwa Sprawiedliwo\u015bci 3 stycznia 2018 r.\u201d. Czyli sze\u015b\u0107 miesi\u0119cy przed delegowaniem go do resortu.<br \/>\nOburzenie \u015brodowiska<\/p>\n<p>Sytuacja nie dziwi Krystiana Markiewicza, prezesa Stowarzyszenia S\u0119dzi\u00f3w \u201eIustitia\u201d.<\/p>\n<p>\u2013 Tak si\u0119 jako\u015b sk\u0142ada, \u017ce cz\u0119\u015b\u0107 s\u0119dzi\u00f3w, kt\u00f3rzy przebywaj\u0105 na delegacjach w resorcie sprawiedliwo\u015bci, ma albo prawomocne wyroki skazuj\u0105ce s\u0105d\u00f3w dyscyplinarnych, albo post\u0119powania dyscyplinarne w toku \u2013 zauwa\u017ca.<\/p>\n<p>Jako pierwszy i koronny przyk\u0142ad podaje wiceministra sprawiedliwo\u015bci \u0141ukasza Piebiaka, kt\u00f3ry zosta\u0142 uznany za winnego prowadzenia wyk\u0142ad\u00f3w bez zgody prezesa swojego s\u0105du.<\/p>\n<p>Markiewiczowi wt\u00f3ruje Beata Morawiec.<\/p>\n<p>\u2013 Przypadek s\u0119dziego Koszewskiego tylko potwierdza to, w jaki spos\u00f3b minister dobiera kadry, kt\u00f3re p\u00f3\u017aniej pracuj\u0105 nad tzw. reform\u0105 s\u0105downictwa. W \u015brodowisku m\u00f3wi si\u0119 nawet, \u017ce posiadanie cho\u0107 jednej dyscyplinarki jest warunkiem koniecznym do tego, aby otrzyma\u0107 delegacj\u0119 do resortu \u2013 ironizuje krakowska s\u0119dzia.<\/p>\n<p>Delegacja do MS jest odbierana w \u015brodowisku s\u0119dziowskim jako swego rodzaju wyr\u00f3\u017cnienie, nagroda. S\u0119dzia delegowany otrzymuje bowiem podw\u00f3jn\u0105 pensj\u0119 (jedn\u0105 ze swojego s\u0105du, drug\u0105 z resortu), no i w okresie delegacji nie orzeka, a jego sprawy trafiaj\u0105 do referatu innych s\u0119dzi\u00f3w. Tak te\u017c by\u0142o w przypadku s\u0119dziego Koszewskiego.<\/p>\n<p>Referat, jaki zostawi\u0142 po sobie Koszewski, jak s\u0142yszymy w jego s\u0105dzie, by\u0142 w op\u0142akanym stanie.<\/p>\n<p>\u2013 Dziesi\u0105tki spraw le\u017ca\u0142y. W wielu od momentu ich wp\u0142ywu s\u0119dzia Koszewski nie podj\u0105\u0142 \u017cadnej czynno\u015bci. A p\u00f3\u017aniej poszed\u0142 na delegacj\u0119 i ca\u0142y ten ba\u0142agan spad\u0142 na pozosta\u0142ych s\u0119dzi\u00f3w, pomi\u0119dzy kt\u00f3rych rozdysponowano sprawy z jego referatu \u2013 \u017cali si\u0119 jeden z orzekaj\u0105cych w olszty\u0144skim s\u0105dzie.<br \/>\nW g\u0105szczu niedom\u00f3wie\u0144<\/p>\n<p>Ministerstwo Sprawiedliwo\u015bci nie udzieli\u0142o informacji na temat tego, do jakiego wydzia\u0142u w resorcie trafi\u0142 s\u0119dzia Koszewski ani czym si\u0119 zajmowa\u0142 w czasie delegacji.<\/p>\n<p>Do ca\u0142ej sytuacji nie odni\u00f3s\u0142 si\u0119 sam zainteresowany, pomimo \u017ce, za po\u015brednictwem biura prasowego MS, pytali\u015bmy, czy chce zabra\u0107 g\u0142os i odnie\u015b\u0107 si\u0119 do zarzut\u00f3w stawianych mu przez rzecznika dyscyplinarnego.<\/p>\n<p>Jeden z s\u0119dzi\u00f3w zwraca nam natomiast uwag\u0119 na fakt, \u017ce Koszewski orzeka w s\u0105dzie, kt\u00f3rym obecnie kieruje Maciej Nawacki. Zast\u0105pi\u0142 on na stanowisku prezesa SR w Olsztynie Adama Barczaka, kt\u00f3ry zosta\u0142 odwo\u0142any przez ministra sprawiedliwo\u015bci w kontrowersyjnym trybie. Nota bene to w\u0142a\u015bnie Barczak by\u0142 autorem polece\u0144 nadzorczych, do kt\u00f3rych, jak twierdzi zast\u0119pca rzecznika dyscyplinarnego, Koszewski si\u0119 nie stosowa\u0142. Nawacki przyj\u0105\u0142 ministerialn\u0105 propozycj\u0119 pokierowania olszty\u0144skim s\u0105dem pomimo apeli stowarzysze\u0144 s\u0119dziowskich, aby nie obejmowa\u0107 funkcji po wyrzucanych kolegach. S\u0119dzia Maciej Nawacki, tak\u017ce wbrew wezwaniom \u015brodowiska, wystartowa\u0142 w wyborach i zosta\u0142 wybrany do nowej, kszta\u0142towanej przez polityk\u00f3w Krajowej Rady S\u0105downictwa. <\/p>\n<p>gazetaprawna.pl<\/p>\n","protected":false},"excerpt":{"rendered":"<p>Zarzut przewlek\u0142o\u015bci a\u017c w 82 prowadzonych sprawach, niestosowanie si\u0119 do zalece\u0144 prezesa s\u0105du, uchybienie godno\u015bci urz\u0119du s\u0119dziego. Mimo to praca w ministerstwie i podw\u00f3jna pensja. Mowa o s\u0119dzim S\u0105du Rejonowego w Olsztynie Tomaszu Koszewskim. Post\u0119powanie dyscyplinarne przeciwko niemu zast\u0119pca rzecznika &hellip; <a href=\"https:\/\/www.bezprawie.pl\/?p=703\">Czytaj dalej <span class=\"meta-nav\">&rarr;<\/span><\/a><\/p>\n","protected":false},"author":1,"featured_media":0,"comment_status":"open","ping_status":"open","sticky":false,"template":"","format":"standard","meta":{"footnotes":""},"categories":[3],"tags":[132,17,18],"class_list":["post-703","post","type-post","status-publish","format-standard","hentry","category-polska","tag-nepotyzm","tag-prokuratura","tag-sad"],"_links":{"self":[{"href":"https:\/\/www.bezprawie.pl\/index.php?rest_route=\/wp\/v2\/posts\/703","targetHints":{"allow":["GET"]}}],"collection":[{"href":"https:\/\/www.bezprawie.pl\/index.php?rest_route=\/wp\/v2\/posts"}],"about":[{"href":"https:\/\/www.bezprawie.pl\/index.php?rest_route=\/wp\/v2\/types\/post"}],"author":[{"embeddable":true,"href":"https:\/\/www.bezprawie.pl\/index.php?rest_route=\/wp\/v2\/users\/1"}],"replies":[{"embeddable":true,"href":"https:\/\/www.bezprawie.pl\/index.php?rest_route=%2Fwp%2Fv2%2Fcomments&post=703"}],"version-history":[{"count":1,"href":"https:\/\/www.bezprawie.pl\/index.php?rest_route=\/wp\/v2\/posts\/703\/revisions"}],"predecessor-version":[{"id":704,"href":"https:\/\/www.bezprawie.pl\/index.php?rest_route=\/wp\/v2\/posts\/703\/revisions\/704"}],"wp:attachment":[{"href":"https:\/\/www.bezprawie.pl\/index.php?rest_route=%2Fwp%2Fv2%2Fmedia&parent=703"}],"wp:term":[{"taxonomy":"category","embeddable":true,"href":"https:\/\/www.bezprawie.pl\/index.php?rest_route=%2Fwp%2Fv2%2Fcategories&post=703"},{"taxonomy":"post_tag","embeddable":true,"href":"https:\/\/www.bezprawie.pl\/index.php?rest_route=%2Fwp%2Fv2%2Ftags&post=703"}],"curies":[{"name":"wp","href":"https:\/\/api.w.org\/{rel}","templated":true}]}}