{"id":708,"date":"2019-01-01T14:50:39","date_gmt":"2019-01-01T14:50:39","guid":{"rendered":"http:\/\/www.bezprawie.pl\/?p=708"},"modified":"2019-01-01T15:05:46","modified_gmt":"2019-01-01T15:05:46","slug":"wniosek-i-opnie-w-sprawie-powolania-julii-przylebskiej-na-stanowisko-sedziego-so-w-poznaniu","status":"publish","type":"post","link":"https:\/\/www.bezprawie.pl\/?p=708","title":{"rendered":"Wniosek i opinie w sprawie powo\u0142ania Julii Przy\u0142\u0119bskiej na stanowisko s\u0119dziego SO w Poznaniu"},"content":{"rendered":"\n<p>Skan kt\u00f3ry publikujemy nie wymaga komentarza. Obecnie tacy ludzie robi\u0105 kariery w s\u0105dach. Jeste\u015bmy po to aby to ujawnia\u0107. <\/p>\n\n\n\n\t\t<div class=\"wppdfemb-frame-container-1\" style=\"-webkit-overflow-scrolling:auto;\">\n\t\t\t<iframe class=\"pdfembed-iframe nonfullscreen wppdf-emb-iframe-1\"\n\t\t\t\tsrc=\"https:\/\/www.bezprawie.pl\/?pdfemb-data=eyJwZGZJRCI6NzA3LCJ1cmwiOiJodHRwOlwvXC93d3cuYmV6cHJhd2llLnBsXC93cC1jb250ZW50XC91cGxvYWRzXC9TS0FOLURPS1VNRU5ULVNBRE9LUkVHT1dZLnBkZiIsImluZGV4IjoxfQ\"\n\t\t\t\t\t\t\t\tdata-pdf-id=\"707\"\n\t\t\t\tdata-pdf-index=\"1\"\n\t\t\t\tstyle=\"border:none;width:100%;max-width:100%;height:100vh;\"\n\t\t\t\tscrolling=\"yes\">\n\t\t\t<\/iframe>\n\t\t<\/div>\n\n\t\t\n<p class=\"wp-block-pdfemb-pdf-embedder-viewer\"><\/p>\n","protected":false},"excerpt":{"rendered":"<p>Skan kt\u00f3ry publikujemy nie wymaga komentarza. Obecnie tacy ludzie robi\u0105 kariery w s\u0105dach. Jeste\u015bmy po to aby to ujawnia\u0107.<\/p>\n","protected":false},"author":1,"featured_media":0,"comment_status":"open","ping_status":"open","sticky":false,"template":"","format":"standard","meta":{"footnotes":""},"categories":[1,3],"tags":[18,160,161],"class_list":["post-708","post","type-post","status-publish","format-standard","hentry","category-bez-kategorii","category-polska","tag-sad","tag-tk","tag-trybunal-konstytucyjny"],"_links":{"self":[{"href":"https:\/\/www.bezprawie.pl\/index.php?rest_route=\/wp\/v2\/posts\/708","targetHints":{"allow":["GET"]}}],"collection":[{"href":"https:\/\/www.bezprawie.pl\/index.php?rest_route=\/wp\/v2\/posts"}],"about":[{"href":"https:\/\/www.bezprawie.pl\/index.php?rest_route=\/wp\/v2\/types\/post"}],"author":[{"embeddable":true,"href":"https:\/\/www.bezprawie.pl\/index.php?rest_route=\/wp\/v2\/users\/1"}],"replies":[{"embeddable":true,"href":"https:\/\/www.bezprawie.pl\/index.php?rest_route=%2Fwp%2Fv2%2Fcomments&post=708"}],"version-history":[{"count":3,"href":"https:\/\/www.bezprawie.pl\/index.php?rest_route=\/wp\/v2\/posts\/708\/revisions"}],"predecessor-version":[{"id":711,"href":"https:\/\/www.bezprawie.pl\/index.php?rest_route=\/wp\/v2\/posts\/708\/revisions\/711"}],"wp:attachment":[{"href":"https:\/\/www.bezprawie.pl\/index.php?rest_route=%2Fwp%2Fv2%2Fmedia&parent=708"}],"wp:term":[{"taxonomy":"category","embeddable":true,"href":"https:\/\/www.bezprawie.pl\/index.php?rest_route=%2Fwp%2Fv2%2Fcategories&post=708"},{"taxonomy":"post_tag","embeddable":true,"href":"https:\/\/www.bezprawie.pl\/index.php?rest_route=%2Fwp%2Fv2%2Ftags&post=708"}],"curies":[{"name":"wp","href":"https:\/\/api.w.org\/{rel}","templated":true}]}}