{"id":713,"date":"2019-01-03T15:42:46","date_gmt":"2019-01-03T15:42:46","guid":{"rendered":"http:\/\/www.bezprawie.pl\/?p=713"},"modified":"2019-01-03T15:42:46","modified_gmt":"2019-01-03T15:42:46","slug":"adwokat-szymona-matusiak-ze-szczecina-oskarzyl-swojego-bylego-klienta-o-znieslawienie-i-przegral-w-sadzie","status":"publish","type":"post","link":"https:\/\/www.bezprawie.pl\/?p=713","title":{"rendered":"Adwokat Szymona Matusiak ze Szczecina oskar\u017cy\u0142 swojego by\u0142ego klienta o znies\u0142awienie i przegra\u0142 w s\u0105dzie"},"content":{"rendered":"\n<p>Zadaniem adwokata jest broni\u0107 swoich klient\u00f3w a czasami te\u017c oskar\u017ca\u0107 w imieniu swoich klient\u00f3w. Bardzo rzadka zdarza si\u0119 \u017ce to adwokat oskar\u017ca i do tego pe\u0142nomocnika swojego klienta.<\/p>\n\n\n\n<p>Mowa o szczeci\u0144skiem adwokacie <strong>Szymonie Matusiaku<\/strong>, kt\u00f3ry oskar\u017cy\u0142 prokurenta sp\u00f3\u0142ki M o to, i\u017c mia\u0142 go znies\u0142awi\u0107. Jak mo\u017cemy przeczyta\u0107 w prywatnym akcie oskar\u017cenia &#8222;<em>za po\u015brednictwem \u015brodk\u00f3w masowego przekazu dokona\u0142 znies\u0142awienia <\/em><strong><em>Szymona Matusiaka<\/em><\/strong><em> przez to, \u017ce na stronie internetowej \u201ewww.kamienskie.info\u201d w dniu 22 kwietnia 2015r. oskar\u017cony MK pom\u00f3wi\u0142 adwokata <\/em><strong><em>Szymona Matusiaka<\/em><\/strong><em> o skrajne naruszenie etyki zawodowej adwokata i dzia\u0142anie na szkod\u0119 sp\u00f3\u0142ki \u201eM\u2026\u201d z siedziba w\u2026\u2026.., w kt\u00f3rej MK by\u0142 i jest prokurentem, jak r\u00f3wnie\u017c o to i\u017c adw. Szymon Matusiak dzia\u0142a\u0142 na szkod\u0119 swoich klient\u00f3w, to jest o czyn z art. 212 \u00a7 2 kk<\/em>&#8222;<\/p>\n\n\n\n<p>Sprawa toczy\u0142a si\u0119 przed S\u0105dem Rejonowym Szczecin &#8211; Prawobrze\u017ce i Zach\u00f3d w Szczecinie pod sygnatur\u0105 VI K 262\/16. Przes\u0142uchano wielu \u015bwiadk\u00f3w w tym konkubin\u0119 adwokata <strong>Szymona Matusiaka<\/strong>, innych adwokat\u00f3w ze Szczecina, by\u0142ych i obecnych klient\u00f3w adwokata.<\/p>\n\n\n\n<p>Po dw\u00f3ch latach procesu s\u0119dzia Krystian Kwolek wyda\u0142 wyrok nie maj\u0105c najmniejszych w\u0105tpliwo\u015bci, i\u017c o znies\u0142awieniu nie mo\u017ce by\u0107 mowy i uniewinni\u0142 oskar\u017conego od czyn\u00f3w zarzucanych mu przez adwokata <strong>Szymona Matusiaka<\/strong>.<\/p>\n\n\n\n\t\t<div class=\"wppdfemb-frame-container-1\" style=\"-webkit-overflow-scrolling:auto;\">\n\t\t\t<iframe class=\"pdfembed-iframe nonfullscreen wppdf-emb-iframe-1\"\n\t\t\t\tsrc=\"https:\/\/www.bezprawie.pl\/?pdfemb-data=eyJwZGZJRCI6NzEyLCJ1cmwiOiJodHRwOlwvXC93d3cuYmV6cHJhd2llLnBsXC93cC1jb250ZW50XC91cGxvYWRzXC9tYXR1c2lha193eXJva19WSV9LXzI2Ml8xNl9wdWJsaWthY2phLnBkZiIsImluZGV4IjoxfQ\"\n\t\t\t\t\t\t\t\tdata-pdf-id=\"712\"\n\t\t\t\tdata-pdf-index=\"1\"\n\t\t\t\tstyle=\"border:none;width:100%;max-width:100%;height:100vh;\"\n\t\t\t\tscrolling=\"yes\">\n\t\t\t<\/iframe>\n\t\t<\/div>\n\n\t\t\n<p class=\"wp-block-pdfemb-pdf-embedder-viewer\"><\/p>\n\n\n\n<p>Adwokat skorzysta\u0142 z przys\u0142uguj\u0105cego mu prawa i wni\u00f3s\u0142 apelacj\u0119 od wyroku s\u0105du rejonowego do s\u0105du okr\u0119gowego. Nie godz\u0105c si\u0119 z kompromituj\u0105c\u0105 kl\u0119sk\u0105, mecenas <strong>Matusiak<\/strong> chcia\u0142 nadal skazania za rzekome znies\u0142awienie w stronach kamieniskie.info<\/p>\n\n\n\n<p>S\u0105d okr\u0119gowy w Szczecinie nie mia\u0142 jednak w\u0105tpliwo\u015bci i wyrokiem z dnia 27 listopada 2018 roku, prawomocnie ju\u017c uniewinni\u0142 oskar\u017conego MK od zarzut\u00f3w stawianych mu przez <strong>Matusiaka<\/strong> w zwi\u0105zku z publikacj\u0105 w kamienskie.info<\/p>\n\n\n\n<p>Pr\u00f3bowali\u015bmy kontaktowa\u0107 si\u0119 z mecenasem <strong>Matusiakiem<\/strong>, niestety nie odbiera\u0142 od nas telefon\u00f3w i nie odpowiada\u0142 na smsy, wys\u0142a\u0142 jedynie emaila w kt\u00f3rym zakaza\u0142 nam jakichkolwiek publikacji na sw\u00f3j temat.<\/p>\n\n\n\n<p>LC<\/p>\n","protected":false},"excerpt":{"rendered":"<p>Zadaniem adwokata jest broni\u0107 swoich klient\u00f3w a czasami te\u017c oskar\u017ca\u0107 w imieniu swoich klient\u00f3w. Bardzo rzadka zdarza si\u0119 \u017ce to adwokat oskar\u017ca i do tego pe\u0142nomocnika swojego klienta. Mowa o szczeci\u0144skiem adwokacie Szymonie Matusiaku, kt\u00f3ry oskar\u017cy\u0142 prokurenta sp\u00f3\u0142ki M o &hellip; <a href=\"https:\/\/www.bezprawie.pl\/?p=713\">Czytaj dalej <span class=\"meta-nav\">&rarr;<\/span><\/a><\/p>\n","protected":false},"author":1,"featured_media":0,"comment_status":"open","ping_status":"open","sticky":false,"template":"","format":"standard","meta":{"footnotes":""},"categories":[1,37,36],"tags":[115,162],"class_list":["post-713","post","type-post","status-publish","format-standard","hentry","category-bez-kategorii","category-szczecin","category-zachodniopomorskie","tag-adwokat","tag-znieslawienie"],"_links":{"self":[{"href":"https:\/\/www.bezprawie.pl\/index.php?rest_route=\/wp\/v2\/posts\/713","targetHints":{"allow":["GET"]}}],"collection":[{"href":"https:\/\/www.bezprawie.pl\/index.php?rest_route=\/wp\/v2\/posts"}],"about":[{"href":"https:\/\/www.bezprawie.pl\/index.php?rest_route=\/wp\/v2\/types\/post"}],"author":[{"embeddable":true,"href":"https:\/\/www.bezprawie.pl\/index.php?rest_route=\/wp\/v2\/users\/1"}],"replies":[{"embeddable":true,"href":"https:\/\/www.bezprawie.pl\/index.php?rest_route=%2Fwp%2Fv2%2Fcomments&post=713"}],"version-history":[{"count":1,"href":"https:\/\/www.bezprawie.pl\/index.php?rest_route=\/wp\/v2\/posts\/713\/revisions"}],"predecessor-version":[{"id":714,"href":"https:\/\/www.bezprawie.pl\/index.php?rest_route=\/wp\/v2\/posts\/713\/revisions\/714"}],"wp:attachment":[{"href":"https:\/\/www.bezprawie.pl\/index.php?rest_route=%2Fwp%2Fv2%2Fmedia&parent=713"}],"wp:term":[{"taxonomy":"category","embeddable":true,"href":"https:\/\/www.bezprawie.pl\/index.php?rest_route=%2Fwp%2Fv2%2Fcategories&post=713"},{"taxonomy":"post_tag","embeddable":true,"href":"https:\/\/www.bezprawie.pl\/index.php?rest_route=%2Fwp%2Fv2%2Ftags&post=713"}],"curies":[{"name":"wp","href":"https:\/\/api.w.org\/{rel}","templated":true}]}}