{"id":722,"date":"2019-04-23T20:22:43","date_gmt":"2019-04-23T20:22:43","guid":{"rendered":"http:\/\/www.bezprawie.pl\/?p=722"},"modified":"2019-08-05T20:46:55","modified_gmt":"2019-08-05T20:46:55","slug":"kolejna-kleska-adwokata-szymona-matusiaka-ze-szczecina","status":"publish","type":"post","link":"https:\/\/www.bezprawie.pl\/?p=722","title":{"rendered":"Kolejna kl\u0119ska adwokata Szymona Matusiaka ze Szczecina"},"content":{"rendered":"\n<p>W 2015 roku jako pierwsi ujawnili\u015bmy skandaliczne wpisy szczeci\u0144skiego adwokata na swoim profilu FB. Nasza informacja wywo\u0142a\u0142a natychmiastowa reakcj\u0119 ORA w Szczecinie, wpisy zosta\u0142y usuni\u0119te ale mecenas nie zosta\u0142 ukarany.<br><\/p>\n\n\n\n<p>To na tyle rozzuchwali\u0142o Matusiaka, i\u017c w 2017 roku skierowa\u0142 przeciwko redaktorowi naczelnemu bezprawie.pl prywatny akt oskar\u017cenia, zarzucaj\u0105c &#8230;. znies\u0142awienie. Oczywi\u015bcie zarzuty by\u0142y wyssane z palca, poniewa\u017c ujawnili\u015bmy tylko to co napisa\u0142a oskar\u017cyciel na swoim publicznym profilu FB dost\u0119pnym dla ka\u017cdego, nawet dla os\u00f3b, kt\u00f3re nie mia\u0142y konta w tym popularnym  serwisie spo\u0142eczno\u015bciowym.<\/p>\n\n\n\n<p>A poziom &#8222;\u017cart\u00f3w&#8221; adwokata Szymona Matusiaka by\u0142 taki jak poni\u017cej.<\/p>\n\n\n\n<figure class=\"wp-block-image\"><img loading=\"lazy\" decoding=\"async\" width=\"526\" height=\"289\" src=\"http:\/\/www.bezprawie.pl\/wp-content\/uploads\/matusiak_fb_04.jpg\" alt=\"\" class=\"wp-image-551\" srcset=\"https:\/\/www.bezprawie.pl\/wp-content\/uploads\/matusiak_fb_04.jpg 526w, https:\/\/www.bezprawie.pl\/wp-content\/uploads\/matusiak_fb_04-300x165.jpg 300w, https:\/\/www.bezprawie.pl\/wp-content\/uploads\/matusiak_fb_04-500x275.jpg 500w\" sizes=\"auto, (max-width: 526px) 100vw, 526px\" \/><\/figure>\n\n\n\n<figure class=\"wp-block-image\"><img loading=\"lazy\" decoding=\"async\" width=\"530\" height=\"241\" src=\"http:\/\/www.bezprawie.pl\/wp-content\/uploads\/matusiak_fb_05.jpg\" alt=\"\" class=\"wp-image-552\" srcset=\"https:\/\/www.bezprawie.pl\/wp-content\/uploads\/matusiak_fb_05.jpg 530w, https:\/\/www.bezprawie.pl\/wp-content\/uploads\/matusiak_fb_05-300x136.jpg 300w, https:\/\/www.bezprawie.pl\/wp-content\/uploads\/matusiak_fb_05-500x227.jpg 500w\" sizes=\"auto, (max-width: 530px) 100vw, 530px\" \/><\/figure>\n\n\n\n<figure class=\"wp-block-image\"><img loading=\"lazy\" decoding=\"async\" width=\"525\" height=\"392\" src=\"http:\/\/www.bezprawie.pl\/wp-content\/uploads\/matusiak_fb_03.jpg\" alt=\"\" class=\"wp-image-550\" srcset=\"https:\/\/www.bezprawie.pl\/wp-content\/uploads\/matusiak_fb_03.jpg 525w, https:\/\/www.bezprawie.pl\/wp-content\/uploads\/matusiak_fb_03-300x224.jpg 300w, https:\/\/www.bezprawie.pl\/wp-content\/uploads\/matusiak_fb_03-402x300.jpg 402w\" sizes=\"auto, (max-width: 525px) 100vw, 525px\" \/><\/figure>\n\n\n\n<figure class=\"wp-block-image\"><img loading=\"lazy\" decoding=\"async\" width=\"523\" height=\"420\" src=\"http:\/\/www.bezprawie.pl\/wp-content\/uploads\/matusiak_fb_02.jpg\" alt=\"\" class=\"wp-image-549\" srcset=\"https:\/\/www.bezprawie.pl\/wp-content\/uploads\/matusiak_fb_02.jpg 523w, https:\/\/www.bezprawie.pl\/wp-content\/uploads\/matusiak_fb_02-300x241.jpg 300w, https:\/\/www.bezprawie.pl\/wp-content\/uploads\/matusiak_fb_02-374x300.jpg 374w\" sizes=\"auto, (max-width: 523px) 100vw, 523px\" \/><\/figure>\n\n\n\n<figure class=\"wp-block-image\"><img loading=\"lazy\" decoding=\"async\" width=\"525\" height=\"329\" src=\"http:\/\/www.bezprawie.pl\/wp-content\/uploads\/matusiak_fb_01.jpg\" alt=\"\" class=\"wp-image-548\" srcset=\"https:\/\/www.bezprawie.pl\/wp-content\/uploads\/matusiak_fb_01.jpg 525w, https:\/\/www.bezprawie.pl\/wp-content\/uploads\/matusiak_fb_01-300x188.jpg 300w, https:\/\/www.bezprawie.pl\/wp-content\/uploads\/matusiak_fb_01-479x300.jpg 479w\" sizes=\"auto, (max-width: 525px) 100vw, 525px\" \/><\/figure>\n\n\n\n<figure class=\"wp-block-image\"><img loading=\"lazy\" decoding=\"async\" width=\"529\" height=\"228\" src=\"http:\/\/www.bezprawie.pl\/wp-content\/uploads\/matusiak_fb_00.jpg\" alt=\"\" class=\"wp-image-547\" srcset=\"https:\/\/www.bezprawie.pl\/wp-content\/uploads\/matusiak_fb_00.jpg 529w, https:\/\/www.bezprawie.pl\/wp-content\/uploads\/matusiak_fb_00-300x129.jpg 300w, https:\/\/www.bezprawie.pl\/wp-content\/uploads\/matusiak_fb_00-500x216.jpg 500w\" sizes=\"auto, (max-width: 529px) 100vw, 529px\" \/><\/figure>\n\n\n\n<p>Przez dwa lata toczy\u0142 si\u0119 przed SR w Szczecinie proces, proces bez precedensu, w kt\u00f3rym skompromitowany swoimi &#8222;\u017cartami&#8221; adwokat chcia\u0142 przeprosin za publikacje. S\u0105d jednak nie mia\u0142 w\u0105tpliwo\u015bci i w dniu 18 kwietnia br wyda\u0142 wyrok UNIEWINNIAJ\u0104CY. Po raz kolejny Matusiak poni\u00f3s\u0142 kl\u0119sk\u0119 we w\u0142asnej sprawie, tym bardziej musi to by\u0107 bolesna kl\u0119ska.<\/p>\n\n\n\n\t\t<div class=\"wppdfemb-frame-container-1\" style=\"-webkit-overflow-scrolling:auto;\">\n\t\t\t<iframe class=\"pdfembed-iframe nonfullscreen wppdf-emb-iframe-1\"\n\t\t\t\tsrc=\"https:\/\/www.bezprawie.pl\/?pdfemb-data=eyJwZGZJRCI6NzIzLCJ1cmwiOiJodHRwOlwvXC93d3cuYmV6cHJhd2llLnBsXC93cC1jb250ZW50XC91cGxvYWRzXC93eXJva19fbWF0dXNpYWtfd3d3LnBkZiIsImluZGV4IjoxfQ\"\n\t\t\t\t\t\t\t\tdata-pdf-id=\"723\"\n\t\t\t\tdata-pdf-index=\"1\"\n\t\t\t\tstyle=\"border:none;width:100%;max-width:100%;height:100vh;\"\n\t\t\t\tscrolling=\"yes\">\n\t\t\t<\/iframe>\n\t\t<\/div>\n\n\t\t\n<p class=\"wp-block-pdfemb-pdf-embedder-viewer\"><\/p>\n\n\n\n<p>Wyrok nie jest prawomocny.<\/p>\n\n\n\n<p>Czytaj tak\u017ce: <a href=\"http:\/\/www.bezprawie.pl\/?p=546\">http:\/\/www.bezprawie.pl\/?p=546<\/a><\/p>\n","protected":false},"excerpt":{"rendered":"<p>W 2015 roku jako pierwsi ujawnili\u015bmy skandaliczne wpisy szczeci\u0144skiego adwokata na swoim profilu FB. Nasza informacja wywo\u0142a\u0142a natychmiastowa reakcj\u0119 ORA w Szczecinie, wpisy zosta\u0142y usuni\u0119te ale mecenas nie zosta\u0142 ukarany. To na tyle rozzuchwali\u0142o Matusiaka, i\u017c w 2017 roku skierowa\u0142 &hellip; <a href=\"https:\/\/www.bezprawie.pl\/?p=722\">Czytaj dalej <span class=\"meta-nav\">&rarr;<\/span><\/a><\/p>\n","protected":false},"author":1,"featured_media":0,"comment_status":"open","ping_status":"open","sticky":false,"template":"","format":"standard","meta":{"footnotes":""},"categories":[37,36],"tags":[115,18,162],"class_list":["post-722","post","type-post","status-publish","format-standard","hentry","category-szczecin","category-zachodniopomorskie","tag-adwokat","tag-sad","tag-znieslawienie"],"_links":{"self":[{"href":"https:\/\/www.bezprawie.pl\/index.php?rest_route=\/wp\/v2\/posts\/722","targetHints":{"allow":["GET"]}}],"collection":[{"href":"https:\/\/www.bezprawie.pl\/index.php?rest_route=\/wp\/v2\/posts"}],"about":[{"href":"https:\/\/www.bezprawie.pl\/index.php?rest_route=\/wp\/v2\/types\/post"}],"author":[{"embeddable":true,"href":"https:\/\/www.bezprawie.pl\/index.php?rest_route=\/wp\/v2\/users\/1"}],"replies":[{"embeddable":true,"href":"https:\/\/www.bezprawie.pl\/index.php?rest_route=%2Fwp%2Fv2%2Fcomments&post=722"}],"version-history":[{"count":4,"href":"https:\/\/www.bezprawie.pl\/index.php?rest_route=\/wp\/v2\/posts\/722\/revisions"}],"predecessor-version":[{"id":732,"href":"https:\/\/www.bezprawie.pl\/index.php?rest_route=\/wp\/v2\/posts\/722\/revisions\/732"}],"wp:attachment":[{"href":"https:\/\/www.bezprawie.pl\/index.php?rest_route=%2Fwp%2Fv2%2Fmedia&parent=722"}],"wp:term":[{"taxonomy":"category","embeddable":true,"href":"https:\/\/www.bezprawie.pl\/index.php?rest_route=%2Fwp%2Fv2%2Fcategories&post=722"},{"taxonomy":"post_tag","embeddable":true,"href":"https:\/\/www.bezprawie.pl\/index.php?rest_route=%2Fwp%2Fv2%2Ftags&post=722"}],"curies":[{"name":"wp","href":"https:\/\/api.w.org\/{rel}","templated":true}]}}