{"id":737,"date":"2020-02-28T15:14:06","date_gmt":"2020-02-28T15:14:06","guid":{"rendered":"http:\/\/www.bezprawie.pl\/?p=737"},"modified":"2020-02-28T15:14:06","modified_gmt":"2020-02-28T15:14:06","slug":"wykaz-osob-wobec-ktorych-prezydent-rp-postanowil-o-powolaniu-na-stanowisko-sedziowskie-lub-asesorskie-na-wniosek-krs-w-skladzie-ktorej-zasiada-15-sedziow-wybranych-przez-sejm","status":"publish","type":"post","link":"https:\/\/www.bezprawie.pl\/?p=737","title":{"rendered":"Wykaz os\u00f3b, wobec kt\u00f3rych Prezydent RP postanowi\u0142 o powo\u0142aniu na stanowisko s\u0119dziowskie lub asesorskie na wniosek KRS, w sk\u0142adzie kt\u00f3rej zasiada 15 s\u0119dzi\u00f3w wybranych przez Sejm"},"content":{"rendered":"\n<p>Publikujemy pe\u0142ny wykaz s\u0119dzi\u00f3w powo\u0142anych przez neoKRS &#8211; wed\u0142ug stanu na dzie\u0144 24 stycznia 2020 r. Post\u0119powania prowadzone przez tych s\u0119dzi\u00f3w mog\u0105 zosta\u0107 uznane za niewa\u017cne.<\/p>\n\n\n\n\t\t<div class=\"wppdfemb-frame-container-1\" style=\"-webkit-overflow-scrolling:auto;\">\n\t\t\t<iframe class=\"pdfembed-iframe nonfullscreen wppdf-emb-iframe-1\"\n\t\t\t\tsrc=\"https:\/\/www.bezprawie.pl\/?pdfemb-data=eyJwZGZJRCI6NzM4LCJ1cmwiOiJodHRwOlwvXC93d3cuYmV6cHJhd2llLnBsXC93cC1jb250ZW50XC91cGxvYWRzXC9rcnNfd3lrYXpfMjAyMC0wMS0yNF9maW5hbC5wZGYiLCJpbmRleCI6MX0\"\n\t\t\t\t\t\t\t\tdata-pdf-id=\"738\"\n\t\t\t\tdata-pdf-index=\"1\"\n\t\t\t\tstyle=\"border:none;width:100%;max-width:100%;height:100vh;\"\n\t\t\t\tscrolling=\"yes\">\n\t\t\t<\/iframe>\n\t\t<\/div>\n\n\t\t\n<p class=\"wp-block-pdfemb-pdf-embedder-viewer\"><\/p>\n","protected":false},"excerpt":{"rendered":"<p>Publikujemy pe\u0142ny wykaz s\u0119dzi\u00f3w powo\u0142anych przez neoKRS &#8211; wed\u0142ug stanu na dzie\u0144 24 stycznia 2020 r. Post\u0119powania prowadzone przez tych s\u0119dzi\u00f3w mog\u0105 zosta\u0107 uznane za niewa\u017cne.<\/p>\n","protected":false},"author":1,"featured_media":0,"comment_status":"open","ping_status":"open","sticky":false,"template":"","format":"standard","meta":{"footnotes":""},"categories":[3],"tags":[163,18],"class_list":["post-737","post","type-post","status-publish","format-standard","hentry","category-polska","tag-krs","tag-sad"],"_links":{"self":[{"href":"https:\/\/www.bezprawie.pl\/index.php?rest_route=\/wp\/v2\/posts\/737","targetHints":{"allow":["GET"]}}],"collection":[{"href":"https:\/\/www.bezprawie.pl\/index.php?rest_route=\/wp\/v2\/posts"}],"about":[{"href":"https:\/\/www.bezprawie.pl\/index.php?rest_route=\/wp\/v2\/types\/post"}],"author":[{"embeddable":true,"href":"https:\/\/www.bezprawie.pl\/index.php?rest_route=\/wp\/v2\/users\/1"}],"replies":[{"embeddable":true,"href":"https:\/\/www.bezprawie.pl\/index.php?rest_route=%2Fwp%2Fv2%2Fcomments&post=737"}],"version-history":[{"count":1,"href":"https:\/\/www.bezprawie.pl\/index.php?rest_route=\/wp\/v2\/posts\/737\/revisions"}],"predecessor-version":[{"id":739,"href":"https:\/\/www.bezprawie.pl\/index.php?rest_route=\/wp\/v2\/posts\/737\/revisions\/739"}],"wp:attachment":[{"href":"https:\/\/www.bezprawie.pl\/index.php?rest_route=%2Fwp%2Fv2%2Fmedia&parent=737"}],"wp:term":[{"taxonomy":"category","embeddable":true,"href":"https:\/\/www.bezprawie.pl\/index.php?rest_route=%2Fwp%2Fv2%2Fcategories&post=737"},{"taxonomy":"post_tag","embeddable":true,"href":"https:\/\/www.bezprawie.pl\/index.php?rest_route=%2Fwp%2Fv2%2Ftags&post=737"}],"curies":[{"name":"wp","href":"https:\/\/api.w.org\/{rel}","templated":true}]}}