{"id":740,"date":"2020-03-03T16:45:59","date_gmt":"2020-03-03T16:45:59","guid":{"rendered":"http:\/\/www.bezprawie.pl\/?p=740"},"modified":"2020-03-03T18:07:12","modified_gmt":"2020-03-03T18:07:12","slug":"skandal-w-duw-we-wroclawiu-dane-osobowe-dzieci-starajacych-sie-pobyt-w-polsce-udostepnione-publicznie","status":"publish","type":"post","link":"https:\/\/www.bezprawie.pl\/?p=740","title":{"rendered":"Skandal w DUW we Wroc\u0142awiu. Dane osobowe dzieci staraj\u0105cych si\u0119 o pobyt w Polsce udost\u0119pnione publicznie!!!"},"content":{"rendered":"\n<p>Od jednego z naszych czytelnik\u00f3w otrzymali\u015bmy zdj\u0119cia pokazuj\u0105ce jaki ba\u0142agan panuje w Dolno\u015bl\u0105skim Urz\u0119dzie Wojew\u00f3dzkim we Wroc\u0142awiu. Okazuje si\u0119 \u017ce dane osobowe dzieci (w tym zdj\u0119cia) a tak\u017ce doros\u0142ych by\u0142y dost\u0119pne dla ka\u017cdego odwiedzaj\u0105cego sekretariat (p. 0115) Wydzia\u0142u Spraw Obywatelskich i Cudzoziemc\u00f3w.<\/p>\n\n\n\n<figure class=\"wp-block-image size-large\"><img loading=\"lazy\" decoding=\"async\" width=\"498\" height=\"1024\" src=\"http:\/\/www.bezprawie.pl\/wp-content\/uploads\/duw_01-498x1024.jpg\" alt=\"\" class=\"wp-image-741\" srcset=\"https:\/\/www.bezprawie.pl\/wp-content\/uploads\/duw_01-498x1024.jpg 498w, https:\/\/www.bezprawie.pl\/wp-content\/uploads\/duw_01-146x300.jpg 146w, https:\/\/www.bezprawie.pl\/wp-content\/uploads\/duw_01.jpg 608w\" sizes=\"auto, (max-width: 498px) 100vw, 498px\" \/><figcaption>Tu dosz\u0142o do wielokrotnego ujawnienie danych osobowych<\/figcaption><\/figure>\n\n\n\n<p><em>Dokumenty, akta personalne by\u0142y niedbale pouk\u0142adane na ziemi, stolikach, krzes\u0142ach. Ka\u017cdy mia\u0142 do nich dost\u0119p, nikt nie stara\u0142 si\u0119 zakry\u0107 tego stosu<\/em> &#8211; relacjonuje nasz czytelnik. Pomimo udost\u0119pnionych nam zdj\u0119\u0107, postanowili\u015bmy sprawdzi\u0107 czy rzeczywi\u015bcie jest to incydentalny wypadek spowodowany jakim\u015b jednorazowym niedopatrzeniem. Odwiedzili\u015bmy DUW we Wroc\u0142awiu trzy razy. Efekt za ka\u017cdym razem by\u0142 ten sam, cho\u0107 dokumenty\/akta ju\u017c inne.<\/p>\n\n\n\n<figure class=\"wp-block-image size-large\"><img loading=\"lazy\" decoding=\"async\" width=\"1024\" height=\"498\" src=\"http:\/\/www.bezprawie.pl\/wp-content\/uploads\/duw_02-1024x498.jpg\" alt=\"\" class=\"wp-image-742\" srcset=\"https:\/\/www.bezprawie.pl\/wp-content\/uploads\/duw_02-1024x498.jpg 1024w, https:\/\/www.bezprawie.pl\/wp-content\/uploads\/duw_02-300x146.jpg 300w, https:\/\/www.bezprawie.pl\/wp-content\/uploads\/duw_02-768x373.jpg 768w, https:\/\/www.bezprawie.pl\/wp-content\/uploads\/duw_02-500x243.jpg 500w, https:\/\/www.bezprawie.pl\/wp-content\/uploads\/duw_02.jpg 1210w\" sizes=\"auto, (max-width: 1024px) 100vw, 1024px\" \/><figcaption>Dane osobowe dost\u0119pne dla wszystkich.<\/figcaption><\/figure>\n\n\n\n<figure class=\"wp-block-image size-large\"><img loading=\"lazy\" decoding=\"async\" width=\"891\" height=\"1024\" src=\"http:\/\/www.bezprawie.pl\/wp-content\/uploads\/duw_03-891x1024.jpg\" alt=\"\" class=\"wp-image-743\" srcset=\"https:\/\/www.bezprawie.pl\/wp-content\/uploads\/duw_03-891x1024.jpg 891w, https:\/\/www.bezprawie.pl\/wp-content\/uploads\/duw_03-261x300.jpg 261w, https:\/\/www.bezprawie.pl\/wp-content\/uploads\/duw_03-768x883.jpg 768w, https:\/\/www.bezprawie.pl\/wp-content\/uploads\/duw_03.jpg 917w\" sizes=\"auto, (max-width: 891px) 100vw, 891px\" \/><figcaption>Dane osobowe cudzoziemca.<\/figcaption><\/figure>\n\n\n\n<p>Starali\u015bmy si\u0119 spraw\u0119 wyja\u015bni\u0107 na miejscu. W sekretariacie wojewody pointowano nas, \u017ce wszystko jest jak nale\u017cy i w zgodzie z prawem. Kiedy poprosili\u015bmy o kr\u00f3tka rozmow\u0119 z wojewod\u0105, us\u0142yszeli\u015bmy \u017ce nie jest to mo\u017cliwe &#8230; a wojewoda bardzo dobrze dba o swoja prywatno\u015b\u0107 &#8230; szkoda \u017ce tak dobrze nie dba o ochron\u0119 danych osobowych petent\u00f3w urz\u0119du.<\/p>\n\n\n\n<figure class=\"wp-block-image size-large\"><img loading=\"lazy\" decoding=\"async\" width=\"592\" height=\"1024\" src=\"http:\/\/www.bezprawie.pl\/wp-content\/uploads\/duw_04-592x1024.jpg\" alt=\"\" class=\"wp-image-744\" srcset=\"https:\/\/www.bezprawie.pl\/wp-content\/uploads\/duw_04-592x1024.jpg 592w, https:\/\/www.bezprawie.pl\/wp-content\/uploads\/duw_04-174x300.jpg 174w, https:\/\/www.bezprawie.pl\/wp-content\/uploads\/duw_04.jpg 634w\" sizes=\"auto, (max-width: 592px) 100vw, 592px\" \/><figcaption>Kamera, zamek szyfrowy tak wojewoda dba o swoj\u0105 prywatno\u015b\u0107 w urz\u0119dzie. <\/figcaption><\/figure>\n\n\n\n<p>Poprosili\u015bmy biuro prasowe wojewody o ustosunkowanie si\u0119 do naszych zarzut\u00f3w. Jednak nie otrzymali\u015bmy \u017cadnej odpowiedzi. <\/p>\n\n\n\n<p>LC<\/p>\n","protected":false},"excerpt":{"rendered":"<p>Od jednego z naszych czytelnik\u00f3w otrzymali\u015bmy zdj\u0119cia pokazuj\u0105ce jaki ba\u0142agan panuje w Dolno\u015bl\u0105skim Urz\u0119dzie Wojew\u00f3dzkim we Wroc\u0142awiu. Okazuje si\u0119 \u017ce dane osobowe dzieci (w tym zdj\u0119cia) a tak\u017ce doros\u0142ych by\u0142y dost\u0119pne dla ka\u017cdego odwiedzaj\u0105cego sekretariat (p. 0115) Wydzia\u0142u Spraw Obywatelskich &hellip; <a href=\"https:\/\/www.bezprawie.pl\/?p=740\">Czytaj dalej <span class=\"meta-nav\">&rarr;<\/span><\/a><\/p>\n","protected":false},"author":1,"featured_media":0,"comment_status":"open","ping_status":"open","sticky":false,"template":"","format":"standard","meta":{"footnotes":""},"categories":[11],"tags":[165,164,166],"class_list":["post-740","post","type-post","status-publish","format-standard","hentry","category-wroclaw","tag-dane-osobowe","tag-rodo","tag-wojewoda"],"_links":{"self":[{"href":"https:\/\/www.bezprawie.pl\/index.php?rest_route=\/wp\/v2\/posts\/740","targetHints":{"allow":["GET"]}}],"collection":[{"href":"https:\/\/www.bezprawie.pl\/index.php?rest_route=\/wp\/v2\/posts"}],"about":[{"href":"https:\/\/www.bezprawie.pl\/index.php?rest_route=\/wp\/v2\/types\/post"}],"author":[{"embeddable":true,"href":"https:\/\/www.bezprawie.pl\/index.php?rest_route=\/wp\/v2\/users\/1"}],"replies":[{"embeddable":true,"href":"https:\/\/www.bezprawie.pl\/index.php?rest_route=%2Fwp%2Fv2%2Fcomments&post=740"}],"version-history":[{"count":2,"href":"https:\/\/www.bezprawie.pl\/index.php?rest_route=\/wp\/v2\/posts\/740\/revisions"}],"predecessor-version":[{"id":746,"href":"https:\/\/www.bezprawie.pl\/index.php?rest_route=\/wp\/v2\/posts\/740\/revisions\/746"}],"wp:attachment":[{"href":"https:\/\/www.bezprawie.pl\/index.php?rest_route=%2Fwp%2Fv2%2Fmedia&parent=740"}],"wp:term":[{"taxonomy":"category","embeddable":true,"href":"https:\/\/www.bezprawie.pl\/index.php?rest_route=%2Fwp%2Fv2%2Fcategories&post=740"},{"taxonomy":"post_tag","embeddable":true,"href":"https:\/\/www.bezprawie.pl\/index.php?rest_route=%2Fwp%2Fv2%2Ftags&post=740"}],"curies":[{"name":"wp","href":"https:\/\/api.w.org\/{rel}","templated":true}]}}