{"id":748,"date":"2020-03-13T08:12:20","date_gmt":"2020-03-13T08:12:20","guid":{"rendered":"http:\/\/www.bezprawie.pl\/?p=748"},"modified":"2020-03-13T08:12:20","modified_gmt":"2020-03-13T08:12:20","slug":"milosz-kleczek-pogromca-kasty-z-tvp-uciekal-przed-prawem","status":"publish","type":"post","link":"https:\/\/www.bezprawie.pl\/?p=748","title":{"rendered":"Mi\u0142osz K\u0142eczek pogromca &#8222;Kasty&#8221; z TVP ucieka\u0142 przed prawem!!!"},"content":{"rendered":"\n<p> Mi\u0142osz K\u0142eczek, kt\u00f3ry w TVP poluje na s\u0119dzi\u00f3w w programie &#8222;Kasta&#8221;, do  2017 r. zajmowa\u0142 si\u0119 wielomilionowymi biznesami. Jako prezes jednej ze  sp\u00f3\u0142ek nie wykona\u0142 prawomocnego wyroku s\u0105du. D\u0142ug bezskutecznie pr\u00f3bowa\u0142  \u015bci\u0105gn\u0105\u0107 komornik. <\/p>\n\n\n\n<figure class=\"wp-block-image size-large\"><img decoding=\"async\" src=\"https:\/\/bi.im-g.pl\/im\/11\/6e\/18\/z25618193V,Prowadzacy-program--Kasta--Milosz-Kleczek.jpg\" alt=\"\"\/><figcaption>Mi\u0142osz K\u0142aczek &#8211; tvp.info<\/figcaption><\/figure>\n\n\n\n<p>O dzia\u0142alno\u015bci K\u0142eczka biznesmena powiedzia\u0142 \nnam informator, kt\u00f3remu sp\u00f3\u0142ka Dixon, nale\u017c\u0105ca kiedy\u015b do gwiazdy \nTelewizji Polskiej, do dzi\u015b nie zap\u0142aci\u0142a kilkudziesi\u0119ciu tysi\u0119cy \nz\u0142otych. Teraz, z odsetkami, kwota znacznie uros\u0142a. &#8211; Kiedy tam si\u0119 \nwreszcie dodzwoni\u0142em, powiedziano mi, \u017ce pan prezes jest na zdj\u0119ciach do\n programu &#8211; m\u00f3wi nasz rozm\u00f3wca.<\/p>\n\n\n\n<p>\u201ePan prezes\u201d to w\u0142a\u015bnie Mi\u0142osz K\u0142eczek,  reporter sejmowy telewizji publicznej, od stycznia prowadz\u0105cy w TVP Info  program &#8222;Kasta&#8221;. G\u0142osi w nim, \u017ce polskie s\u0105dy s\u0105 pe\u0142ne r\u00f3\u017cnego rodzaju  patologii, a s\u0119dziowie krzywdz\u0105 uczciwych ludzi. Ma to przekonywa\u0107  Polak\u00f3w do zmian forsowanych przez ministra sprawiedliwo\u015bci Zbigniewa  Ziobr\u0119. Tw\u00f3rcy &#8222;Kasty&#8221; zd\u0105\u017cyli ju\u017c ws\u0142awi\u0107 si\u0119 tym, \u017ce stan\u0119li po  stronie lichwiarza skazanego za brutalne wymuszenia na rolnikach.  Zarzuca si\u0119 im, \u017ce \u015bwiadomie sfa\u0142szowali s\u0105dowy dokument.<\/p>\n\n\n\n<h2 class=\"wp-block-heading\">Komornik i ucieczka spod zaj\u0119cia<\/h2>\n\n\n\n<p>Widzowie nie wiedz\u0105, \u017ce Mi\u0142osz K\u0142eczek co \nnajmniej do grudnia 2017 r. by\u0142 biznesmenem. Do dzi\u015b jest g\u0142\u00f3wnym \nudzia\u0142owcem firmy Financial Poland handluj\u0105cej w sieci towarami z Chin. W\n lipcu 2010 r. jako 23-latek za\u0142o\u017cy\u0142 Dixona i zosta\u0142 jego prezesem. \nFirma oferowa\u0142a m.in. pomoc w interesach z Chinami. Sprowadza\u0142a zabawki i\n elektronik\u0119. Roczne przychody &#8211; ponad 2 mln z\u0142.<\/p>\n\n\n\n<p>Za po\u015brednictwem Dixona mieszcz\u0105ca si\u0119 pod  Gda\u0144skiem sp\u00f3\u0142ka UrbanCar postanowi\u0142a sprowadza\u0107 do Polski chi\u0144skie  samochody elektryczne. K\u0142eczek mia\u0142 pom\u00f3c w imporcie &#8211; za\u0142atwi\u0107 kontakty  z producentami i zaj\u0105\u0107 si\u0119 formalno\u015bciami. UrbanCar wp\u0142aci\u0142 ponad 8  tys. dol. (ok. 31 tys. z\u0142) zaliczki, po czym przedstawiciel tej firmy  pojecha\u0142 do Chin wraz z Krzysztofem K\u0142eczkiem, ojcem Mi\u0142osza, kt\u00f3ry  reprezentowa\u0142 Dixona.<\/p>\n\n\n\n<p> &#8211; Odwiedzali fabryki, ogl\u0105dali samochody, ale okaza\u0142o si\u0119, \u017ce auta nie  maj\u0105 homologacji na nasz rynek. Biznes by\u0142 nie do zrobienia, co  po\u015brednik powinien wiedzie\u0107 ju\u017c przed wyjazdem &#8211; opowiada nasz  informator. <\/p>\n\n\n\n<p>UrbanCar za\u017c\u0105da\u0142 wi\u0119c zwrotu pieni\u0119dzy. Dixon \nnie tylko nie chcia\u0142 niczego odda\u0107, ale te\u017c wyst\u0105pi\u0142 przeciwko swojemu \nklientowi o dodatkow\u0105 zap\u0142at\u0119.<\/p>\n\n\n\n<p>Sp\u00f3r rozstrzygn\u0105\u0142 w lipcu 2014 r. S\u0105d \nRejonowy Gda\u0144sk-P\u00f3\u0142noc &#8211; firma K\u0142eczka mia\u0142a zap\u0142aci\u0107 sp\u00f3\u0142ce UrbanCar \n8118 dol. plus odsetki i pokry\u0107 koszty s\u0105dowe.<\/p>\n\n\n\n<p>W grudniu 2014 r. Mi\u0142osz K\u0142eczek wys\u0142a\u0142 pismo\n do prawnik\u00f3w UrbanCar: &#8222;Zwracam si\u0119 o podanie numeru konta do wp\u0142aty i \nwyliczenia kwoty, jak\u0105 nale\u017cy przela\u0107 w sprawie&#8221;. Pieni\u0119dzy jednak nie \nzwr\u00f3ci\u0142, wi\u0119c sprawa trafi\u0142a do komornika, kt\u00f3ry w lutym 2015 r. zaj\u0105\u0142 \nrachunek bankowy Dixona. Na koncie nie by\u0142o ju\u017c ani z\u0142ot\u00f3wki.<\/p>\n\n\n\n<p>W trakcie egzekucji komorniczej, 11 czerwca  2015 r., Mi\u0142osz K\u0142eczek sprzeda\u0142 warte 100 tys. z\u0142 udzia\u0142y i przesta\u0142  by\u0107 prezesem sp\u00f3\u0142ki. Nowym szefem i w\u0142a\u015bcicielem Dixona zosta\u0142 Marek  Przyby\u0142, partner biznesowy K\u0142eczka. W trakcie procesu o zwrot pieni\u0119dzy  dla UrbanCar pojawi\u0142 si\u0119 w\u0105tek innej sp\u00f3\u0142ki Przyby\u0142a \u2013 Arkadar. Dixon  przekonywa\u0142, \u017ce nie m\u00f3g\u0142 odda\u0107 pieni\u0119dzy za samochody elektryczne, bo  trafi\u0142y one za po\u015brednictwem Akadara do firmy Hot Trylion w Hongkongu,  gdzie przepad\u0142y. S\u0105d nie da\u0142 temu wiary.<\/p>\n\n\n\n<p>W grudniu 2015 r. komornik umorzy\u0142 post\u0119powanie\n wobec Dixona z powodu niemo\u017cno\u015bci \u015bci\u0105gni\u0119cia pieni\u0119dzy. Do zap\u0142aty \nsp\u00f3\u0142ka mia\u0142a w\u00f3wczas \u0142\u0105cznie z odsetkami 51 tys. 154 z\u0142.<\/p>\n\n\n\n<p>&#8211; To jest irytuj\u0105ca sytuacja, \u017ce teraz ta \nosoba stara si\u0119 wskazywa\u0107 patologie wymiaru sprawiedliwo\u015bci, a ma za \nko\u0142nierzem ucieczk\u0119 od sp\u0142aty zobowi\u0105za\u0144 &#8211; denerwuje si\u0119 nasz \ninformator. Dixon funkcjonuje nadal, za rok 2017 sp\u00f3\u0142ka zaksi\u0119gowa\u0142a 104\n tys. z\u0142 straty.<\/p>\n\n\n\n<p>Po wyj\u015bciu z Dixona Mi\u0142osz K\u0142eczek  kontynuowa\u0142 dzia\u0142alno\u015b\u0107 biznesow\u0105. W sierpniu 2015 r. za\u0142o\u017cy\u0142 sp\u00f3\u0142k\u0119  Financial Poland. Dzia\u0142alno\u015b\u0107: hurtowa sprzeda\u017c artyku\u0142\u00f3w, g\u0142\u00f3wnie z  Chin. Firm\u0119 reklamuje slogan \u201eImport bez granic\u201d. Adres w centrum  Warszawy. To ju\u017c powa\u017cniejsza sprawa &#8211; FP w 2017 r. mia\u0142a ponad 9 mln z\u0142  przychod\u00f3w i zarobi\u0142a 470 tys. z\u0142. W tym samym roku, w grudniu, K\u0142eczek  ust\u0105pi\u0142 z funkcji prezesa, ale zachowa\u0142 90 proc. udzia\u0142\u00f3w o warto\u015bci 45  tys. z\u0142. Na zebraniach wsp\u00f3lnik\u00f3w ma decyduj\u0105cy g\u0142os.<\/p>\n\n\n\n<h2 class=\"wp-block-heading\">Ojciec te\u017c walczy z \u201ekast\u0105\u201d<\/h2>\n\n\n\n<p>Kiedy Mi\u0142osz K\u0142eczek prowadzi\u0142 swoje biznesy,\n by\u0142 ju\u017c dziennikarzem. Zaczyna\u0142 w TVN, gdzie m.in. zapowiada\u0142 pogod\u0119 w \nTVN Meteo. Ok. 2014 r. przeszed\u0142 do Superstacji, a w 2016 r. trafi\u0142 do \nTVP Jacka Kurskiego i zacz\u0105\u0142 robi\u0107 karier\u0119 czo\u0142owego reportera \nsejmowego. Nale\u017cy do najbardziej zaanga\u017cowanych politycznie \ndziennikarzy, jest ulubie\u0144cem parlamentarzyst\u00f3w PiS. W Sejmie &#8211; jak \nrelacjonowali inni dziennikarze &#8211; ma dost\u0119p do miejsc, do kt\u00f3rych inni \nnie mog\u0105 wchodzi\u0107 od czasu wprowadzeniu przez marsza\u0142ka restrykcji w \nporuszaniu si\u0119.<\/p>\n\n\n\n<p>Reporter TVP zas\u0142yn\u0105\u0142 np. tak d\u0142ugim \nzadawaniem pytania Janowi Marii Jackowskiemu (chwal\u0105c w pytaniu rz\u0105d i \natakuj\u0105c opozycj\u0119), \u017ce senator nie mia\u0142 ju\u017c czasu na odpowied\u017a, a \nprogram szed\u0142 na \u017cywo.<\/p>\n\n\n\n<p>W 2018 r., przed wyborami  na prezydenta Warszawy, kandydat PO Rafa\u0142 Trzaskowski zapyta\u0142 goni\u0105cego  go K\u0142eczka o nazwisko i redakcj\u0119. &#8211; Pan nie jest policjantem, \u017ceby  m\u00f3wi\u0107 do mnie w ten spos\u00f3b. Pan sobie wygogluje &#8211; odpar\u0142 K\u0142eczek. W  styczniu 2020 r. ekipa K\u0142eczka \u015bciga\u0142a opozycyjnego marsza\u0142ka Senatu  Tomasza Grodzkiego z takim zaanga\u017cowaniem, \u017ce operator znokautowa\u0142  kamer\u0105 szefow\u0105 gabinetu Grodzkiego. W TVP Info przedstawiono to tak, \u017ce  kobieta &#8222;podesz\u0142a pod kamer\u0119&#8221;.<\/p>\n\n\n\n<p>Jak K\u0142eczek godzi\u0142 biznesy z dziennikarstwem? \nBy\u0142y redaktor Superstacji m\u00f3wi nam, \u017ce powszechn\u0105 wiedz\u0105 w redakcji by\u0142o\n to, i\u017c &#8222;Mi\u0142osz ma bogatego ojca, kt\u00f3ry robi interesy&#8221;. &#8222;Bogaty&#8221; to \nwspomniany ju\u017c Krzysztof K\u0142eczek. W Cz\u0119stochowie &#8211; znany bohater wielu \nspor\u00f3w s\u0105dowych. W 2011 r. by\u0142 przedstawiony jako &#8222;niepokorny \nprzedsi\u0119biorca&#8221; na \u0142amach &#8222;Gazety Cz\u0119stochowskiej&#8221;, tygodnika zwi\u0105zanego\n z lokalnym PiS i pos\u0142em tej partii Szymonem Gi\u017cy\u0144skim. Wg artyku\u0142u \nK\u0142eczek senior zacz\u0105\u0142 by\u0107 sekowany przez prawo, &#8222;gdy zacz\u0105\u0142 krytykowa\u0107 \nmiejscowych s\u0119dzi\u00f3w i zarzuca\u0107 niekt\u00f3rym z nich \u0142amanie prawa&#8221;. A za \nswoj\u0105 postaw\u0119 &#8222;zosta\u0142 skazany za gro\u017aby bezprawne (&#8230;) I nie by\u0142 to \nbynajmniej koniec jego k\u0142opot\u00f3w, bo w toku s\u0105 kolejne sprawy, w kt\u00f3rych \njest oskar\u017cany&#8221;.<\/p>\n\n\n\n<p>K\u0142eczek senior jest te\u017c bohaterem tekstu  &#8222;Rzeczpospolitej&#8221; z 2014 r. Dziennik opisuje jego walk\u0119 z s\u0119dzi\u0105  Bogus\u0142awem Zaj\u0105cem z S\u0105du Okr\u0119gowego w Cz\u0119stochowie wydaj\u0105cego wyroki w  sprawach, w kt\u00f3rych biznesmen by\u0142 stron\u0105. Niezadowolony z orzecze\u0144  Krzysztof K\u0142eczek stwierdzi\u0142, \u017ce s\u0119dzia pos\u0142uguje si\u0119 tytu\u0142em s\u0119dziego  s\u0105du apelacyjnego, cho\u0107 nim nie jest (zmieni\u0142y si\u0119 przepisy pozwalaj\u0105ce  na u\u017cywanie tytu\u0142u s\u0119dziego s\u0105du wy\u017cszej instancji). Zawiadomi\u0142  prokuratur\u0119 i domaga\u0142 si\u0119 uniewa\u017cnienia wyrok\u00f3w wydanych przez Zaj\u0105ca.  Ministerstwo Sprawiedliwo\u015bci odrzuci\u0142o jednak wniosek biznesmena.<\/p>\n\n\n\n<h2 class=\"wp-block-heading\">K\u0142eczek nie chce rozmawia\u0107<\/h2>\n\n\n\n<p>Przed publikacj\u0105 pr\u00f3bowali\u015bmy skontaktowa\u0107 \nsi\u0119 z Mi\u0142oszem K\u0142eczkiem. Nie odpisa\u0142 na maila, a gdy odebra\u0142 telefon, \nnatychmiast si\u0119 roz\u0142\u0105czy\u0142. Pytania skierowali\u015bmy do biura prasowego TVP.<\/p>\n\n\n\n<p>Chcieli\u015bmy wiedzie\u0107:<\/p>\n\n\n\n<p>&#8211; Czy TVP ma informacje na temat dzia\u0142alno\u015bci biznesowej p. Mi\u0142osza K\u0142eczka w sp\u00f3\u0142kach Dixon i Financial Poland?<\/p>\n\n\n\n<p>&#8211; Czy TVP ma informacje o zaleg\u0142o\u015bciach komorniczych sp\u00f3\u0142ki Dixon w okresie, kiedy jej prezesem by\u0142 p. K\u0142eczek?<\/p>\n\n\n\n<p>&#8211; Czy do TVP dochodzi\u0142y informacje o innych \nzaleg\u0142o\u015bciach p. K\u0142eczka z tytu\u0142u dzia\u0142alno\u015bci gospodarczej w innych \npodmiotach ni\u017c sp. Dixon?<\/p>\n\n\n\n<p>&#8211; Czy p. K\u0142eczek sp\u0142aci\u0142 d\u0142ugi sp\u00f3\u0142ki, kt\u00f3rej by\u0142 w\u0142a\u015bcicielem i prezesem?<\/p>\n\n\n\n<p>&#8211; Czy p. K\u0142eczek informowa\u0142 TVP, \u017ce jego ojciec Krzysztof K\u0142eczek jest osob\u0105 skonfliktowan\u0105 z wymiarem sprawiedliwo\u015bci?<\/p>\n\n\n\n<p>&#8211; Czy wg kodeksu etyki TVP konflikty p. \nK\u0142eczka i jego rodziny z wymiarem sprawiedliwo\u015bci nie powinny by\u0107 \nprzeszkod\u0105 w prowadzeniu przez niego programu \u201eKasta\u201d, w kt\u00f3rym ocenia \nsi\u0119 dzia\u0142alno\u015b\u0107 s\u0119dzi\u00f3w?<\/p>\n\n\n\n<p>Na odpowiedzi czekamy. &#8211; wyborcza.pl<\/p>\n","protected":false},"excerpt":{"rendered":"<p>Mi\u0142osz K\u0142eczek, kt\u00f3ry w TVP poluje na s\u0119dzi\u00f3w w programie &#8222;Kasta&#8221;, do 2017 r. zajmowa\u0142 si\u0119 wielomilionowymi biznesami. Jako prezes jednej ze sp\u00f3\u0142ek nie wykona\u0142 prawomocnego wyroku s\u0105du. D\u0142ug bezskutecznie pr\u00f3bowa\u0142 \u015bci\u0105gn\u0105\u0107 komornik. O dzia\u0142alno\u015bci K\u0142eczka biznesmena powiedzia\u0142 nam informator, &hellip; <a href=\"https:\/\/www.bezprawie.pl\/?p=748\">Czytaj dalej <span class=\"meta-nav\">&rarr;<\/span><\/a><\/p>\n","protected":false},"author":1,"featured_media":0,"comment_status":"open","ping_status":"open","sticky":false,"template":"","format":"standard","meta":{"footnotes":""},"categories":[3],"tags":[146,167],"class_list":["post-748","post","type-post","status-publish","format-standard","hentry","category-polska","tag-oszustwo","tag-tvp"],"_links":{"self":[{"href":"https:\/\/www.bezprawie.pl\/index.php?rest_route=\/wp\/v2\/posts\/748","targetHints":{"allow":["GET"]}}],"collection":[{"href":"https:\/\/www.bezprawie.pl\/index.php?rest_route=\/wp\/v2\/posts"}],"about":[{"href":"https:\/\/www.bezprawie.pl\/index.php?rest_route=\/wp\/v2\/types\/post"}],"author":[{"embeddable":true,"href":"https:\/\/www.bezprawie.pl\/index.php?rest_route=\/wp\/v2\/users\/1"}],"replies":[{"embeddable":true,"href":"https:\/\/www.bezprawie.pl\/index.php?rest_route=%2Fwp%2Fv2%2Fcomments&post=748"}],"version-history":[{"count":1,"href":"https:\/\/www.bezprawie.pl\/index.php?rest_route=\/wp\/v2\/posts\/748\/revisions"}],"predecessor-version":[{"id":749,"href":"https:\/\/www.bezprawie.pl\/index.php?rest_route=\/wp\/v2\/posts\/748\/revisions\/749"}],"wp:attachment":[{"href":"https:\/\/www.bezprawie.pl\/index.php?rest_route=%2Fwp%2Fv2%2Fmedia&parent=748"}],"wp:term":[{"taxonomy":"category","embeddable":true,"href":"https:\/\/www.bezprawie.pl\/index.php?rest_route=%2Fwp%2Fv2%2Fcategories&post=748"},{"taxonomy":"post_tag","embeddable":true,"href":"https:\/\/www.bezprawie.pl\/index.php?rest_route=%2Fwp%2Fv2%2Ftags&post=748"}],"curies":[{"name":"wp","href":"https:\/\/api.w.org\/{rel}","templated":true}]}}