{"id":752,"date":"2020-04-30T14:28:33","date_gmt":"2020-04-30T14:28:33","guid":{"rendered":"http:\/\/www.bezprawie.pl\/?p=752"},"modified":"2020-04-30T14:29:42","modified_gmt":"2020-04-30T14:29:42","slug":"adwokat-szymon-matusiak-ze-szczecina-ma-rzecznika-dyscyplinarnego-na-karku","status":"publish","type":"post","link":"https:\/\/www.bezprawie.pl\/?p=752","title":{"rendered":"Adwokat Szymon Matusiak ze Szczecina ma rzecznika dyscyplinarnego na karku?"},"content":{"rendered":"\n<p>Z informacji jakie do nas dotar\u0142y, wynika i\u017c Kierownik Referatu Skarg i Wniosk\u00f3w Okr\u0119gowej Rady Adwokackiej w Szczecinie w dniu 21 kwietnia 2020 roku przekaza\u0142 do Rzecznikowi Dyscyplinarnemu Szczeci\u0144skiej Izby Adwokackiej spraw\u0119 nierealizowania prawomocnego wyroku s\u0105dowego przez adwokata Szymona Matusiaka. <\/p>\n\n\n\n<p>Przypomnijmy, i\u017c adwokat Szymon Matusiak kilka lat temu poczu\u0142 si\u0119 dotkni\u0119ty nasz\u0105 publikacj\u0105 dotycz\u0105ca &#8222;\u017cart\u00f3w&#8221; jakie umieszcza\u0142 na swoim publicznym profilu FB.<\/p>\n\n\n\n<figure class=\"wp-block-image size-large\"><img loading=\"lazy\" decoding=\"async\" width=\"525\" height=\"329\" src=\"http:\/\/www.bezprawie.pl\/wp-content\/uploads\/matusiak_fb_01.jpg\" alt=\"\" class=\"wp-image-548\" srcset=\"https:\/\/www.bezprawie.pl\/wp-content\/uploads\/matusiak_fb_01.jpg 525w, https:\/\/www.bezprawie.pl\/wp-content\/uploads\/matusiak_fb_01-300x188.jpg 300w, https:\/\/www.bezprawie.pl\/wp-content\/uploads\/matusiak_fb_01-479x300.jpg 479w\" sizes=\"auto, (max-width: 525px) 100vw, 525px\" \/><figcaption>Jeden z &#8222;\u017cart\u00f3w&#8221; adwokata Szymona Matusiaka<\/figcaption><\/figure>\n\n\n\n<figure class=\"wp-block-image size-large\"><img loading=\"lazy\" decoding=\"async\" width=\"526\" height=\"289\" src=\"http:\/\/www.bezprawie.pl\/wp-content\/uploads\/matusiak_fb_04.jpg\" alt=\"\" class=\"wp-image-551\" srcset=\"https:\/\/www.bezprawie.pl\/wp-content\/uploads\/matusiak_fb_04.jpg 526w, https:\/\/www.bezprawie.pl\/wp-content\/uploads\/matusiak_fb_04-300x165.jpg 300w, https:\/\/www.bezprawie.pl\/wp-content\/uploads\/matusiak_fb_04-500x275.jpg 500w\" sizes=\"auto, (max-width: 526px) 100vw, 526px\" \/><figcaption>Jeden z &#8222;\u017cart\u00f3w&#8221; adwokata Szymona Matusiaka<\/figcaption><\/figure>\n\n\n\n<p>Ca\u0142a tre\u015b\u0107 naszej publikacji dost\u0119pna jest tu: <a rel=\"noreferrer noopener\" href=\"http:\/\/www.bezprawie.pl\/?p=546\" target=\"_blank\">http:\/\/www.bezprawie.pl\/?p=546<\/a><\/p>\n\n\n\n<p>Matusiak poczu\u0142 si\u0119 tak ura\u017cony nasz\u0105 publikacj\u0105, \u017ce skierowa\u0142 przeciwko naszemu redaktorowi naczelnemu Leszkowi Kwietniowi do s\u0105du w Szczecinie akt oskar\u017cenia. Jak mo\u017cna by\u0142o si\u0119 spodziewa\u0107 s\u0105d nie mia\u0142 taryfy ulgowej dla wybryku Matusiaka i naszego redaktora naczelnego uniewinni\u0142 w ca\u0142o\u015bci.<\/p>\n\n\n\n\t\t<div class=\"wppdfemb-frame-container-1\" style=\"-webkit-overflow-scrolling:auto;\">\n\t\t\t<iframe class=\"pdfembed-iframe nonfullscreen wppdf-emb-iframe-1\"\n\t\t\t\tsrc=\"https:\/\/www.bezprawie.pl\/?pdfemb-data=eyJwZGZJRCI6NzIzLCJ1cmwiOiJodHRwOlwvXC93d3cuYmV6cHJhd2llLnBsXC93cC1jb250ZW50XC91cGxvYWRzXC93eXJva19fbWF0dXNpYWtfd3d3LnBkZiIsImluZGV4IjoxfQ\"\n\t\t\t\t\t\t\t\tdata-pdf-id=\"723\"\n\t\t\t\tdata-pdf-index=\"1\"\n\t\t\t\tstyle=\"border:none;width:100%;max-width:100%;height:100vh;\"\n\t\t\t\tscrolling=\"yes\">\n\t\t\t<\/iframe>\n\t\t<\/div>\n\n\t\t\n<p class=\"wp-block-pdfemb-pdf-embedder-viewer\"><\/p>\n\n\n\n<p>Wyrok si\u0119 uprawomocni\u0142 i pozosta\u0142a jeszcze do zap\u0142aty na rzecz naszego redaktora naczelnego kwota <strong>1872,00 z\u0142<\/strong> tytu\u0142em koszt\u00f3w obrony. Ale adwokat Szymon Matusiak nie raczy\u0142 zap\u0142aci\u0107 nale\u017cno\u015bci. Up\u0142ywa\u0142y kolejne miesi\u0105ce i nic. Dopiero po ponad 6 miesi\u0105cach, pod gro\u017ab\u0105 egzekucji komorniczej adwokat \u0142askawie uregulowa\u0142 swoje zad\u0142u\u017cenie. Do dnia dzisiejszego jednak nie przeprosi\u0142 za ci\u0105ganie po s\u0105dach niewinnego cz\u0142owieka, kt\u00f3ry odwa\u017cy\u0142 si\u0119 ujawni\u0107 chamskie zachowanie adwokata Szymona Matusiaka.<\/p>\n\n\n\n<p>Okr\u0119gowa Rada Adwokacka w Szczecinie kilka miesi\u0119cy zwleka\u0142a z jak\u0105kolwiek odpowiedzi\u0105 na zg\u0142oszon\u0105 skarg\u0119, dopiero podj\u0119ta interwencja w Naczelnej Radzie Adwokackiej przyspieszy\u0142a dzia\u0142ania i by\u0107 mo\u017ce adwokat Szymon Matusiak poniesie zas\u0142u\u017con\u0105 kar\u0119.<\/p>\n\n\n\n\t\t<div class=\"wppdfemb-frame-container-2\" style=\"-webkit-overflow-scrolling:auto;\">\n\t\t\t<iframe class=\"pdfembed-iframe nonfullscreen wppdf-emb-iframe-2\"\n\t\t\t\tsrc=\"https:\/\/www.bezprawie.pl\/?pdfemb-data=eyJwZGZJRCI6NzUzLCJ1cmwiOiJodHRwOlwvXC93d3cuYmV6cHJhd2llLnBsXC93cC1jb250ZW50XC91cGxvYWRzXC9vZHBvd2llZHpfT1JBXzIxLTA0LTIwMjAucGRmIiwiaW5kZXgiOjJ9\"\n\t\t\t\t\t\t\t\tdata-pdf-id=\"753\"\n\t\t\t\tdata-pdf-index=\"2\"\n\t\t\t\tstyle=\"border:none;width:100%;max-width:100%;height:100vh;\"\n\t\t\t\tscrolling=\"yes\">\n\t\t\t<\/iframe>\n\t\t<\/div>\n\n\t\t\n<p class=\"wp-block-pdfemb-pdf-embedder-viewer\"><\/p>\n\n\n\n<p>Obecnie adwokat Szymon Matusiak urz\u0119duje w Szczecinie na ulicy Monte Cassino 19c\/2 razem z adwokatami Krzysztofem Konysz, Tomasz Marek Milewski, Paulina \u017buraw, Grzegorz Dutkiewicz, Kacper Stukan.<\/p>\n\n\n\n<figure class=\"wp-block-image size-large\"><img loading=\"lazy\" decoding=\"async\" width=\"1024\" height=\"617\" src=\"http:\/\/www.bezprawie.pl\/wp-content\/uploads\/matusiak_monte_cassino-1024x617.jpg\" alt=\"\" class=\"wp-image-754\" srcset=\"https:\/\/www.bezprawie.pl\/wp-content\/uploads\/matusiak_monte_cassino-1024x617.jpg 1024w, https:\/\/www.bezprawie.pl\/wp-content\/uploads\/matusiak_monte_cassino-300x181.jpg 300w, https:\/\/www.bezprawie.pl\/wp-content\/uploads\/matusiak_monte_cassino-768x463.jpg 768w, https:\/\/www.bezprawie.pl\/wp-content\/uploads\/matusiak_monte_cassino-1536x925.jpg 1536w, https:\/\/www.bezprawie.pl\/wp-content\/uploads\/matusiak_monte_cassino-498x300.jpg 498w, https:\/\/www.bezprawie.pl\/wp-content\/uploads\/matusiak_monte_cassino.jpg 2047w\" sizes=\"auto, (max-width: 1024px) 100vw, 1024px\" \/><figcaption>Szczecin ul. Monte Cassino 19c\/2<\/figcaption><\/figure>\n\n\n\n<p>Do sprawy wr\u00f3cimy jak tylko uzyskamy nowe informacje.<\/p>\n\n\n\n<p>A.Ammit<\/p>\n","protected":false},"excerpt":{"rendered":"<p>Z informacji jakie do nas dotar\u0142y, wynika i\u017c Kierownik Referatu Skarg i Wniosk\u00f3w Okr\u0119gowej Rady Adwokackiej w Szczecinie w dniu 21 kwietnia 2020 roku przekaza\u0142 do Rzecznikowi Dyscyplinarnemu Szczeci\u0144skiej Izby Adwokackiej spraw\u0119 nierealizowania prawomocnego wyroku s\u0105dowego przez adwokata Szymona Matusiaka. &hellip; <a href=\"https:\/\/www.bezprawie.pl\/?p=752\">Czytaj dalej <span class=\"meta-nav\">&rarr;<\/span><\/a><\/p>\n","protected":false},"author":1,"featured_media":0,"comment_status":"open","ping_status":"open","sticky":false,"template":"","format":"standard","meta":{"footnotes":""},"categories":[37,36],"tags":[115,162],"class_list":["post-752","post","type-post","status-publish","format-standard","hentry","category-szczecin","category-zachodniopomorskie","tag-adwokat","tag-znieslawienie"],"_links":{"self":[{"href":"https:\/\/www.bezprawie.pl\/index.php?rest_route=\/wp\/v2\/posts\/752","targetHints":{"allow":["GET"]}}],"collection":[{"href":"https:\/\/www.bezprawie.pl\/index.php?rest_route=\/wp\/v2\/posts"}],"about":[{"href":"https:\/\/www.bezprawie.pl\/index.php?rest_route=\/wp\/v2\/types\/post"}],"author":[{"embeddable":true,"href":"https:\/\/www.bezprawie.pl\/index.php?rest_route=\/wp\/v2\/users\/1"}],"replies":[{"embeddable":true,"href":"https:\/\/www.bezprawie.pl\/index.php?rest_route=%2Fwp%2Fv2%2Fcomments&post=752"}],"version-history":[{"count":2,"href":"https:\/\/www.bezprawie.pl\/index.php?rest_route=\/wp\/v2\/posts\/752\/revisions"}],"predecessor-version":[{"id":756,"href":"https:\/\/www.bezprawie.pl\/index.php?rest_route=\/wp\/v2\/posts\/752\/revisions\/756"}],"wp:attachment":[{"href":"https:\/\/www.bezprawie.pl\/index.php?rest_route=%2Fwp%2Fv2%2Fmedia&parent=752"}],"wp:term":[{"taxonomy":"category","embeddable":true,"href":"https:\/\/www.bezprawie.pl\/index.php?rest_route=%2Fwp%2Fv2%2Fcategories&post=752"},{"taxonomy":"post_tag","embeddable":true,"href":"https:\/\/www.bezprawie.pl\/index.php?rest_route=%2Fwp%2Fv2%2Ftags&post=752"}],"curies":[{"name":"wp","href":"https:\/\/api.w.org\/{rel}","templated":true}]}}