{"id":774,"date":"2021-06-01T14:27:49","date_gmt":"2021-06-01T14:27:49","guid":{"rendered":"http:\/\/www.bezprawie.pl\/?p=774"},"modified":"2021-06-01T14:27:49","modified_gmt":"2021-06-01T14:27:49","slug":"adwokat-ze-szczecina-przegral-z-kretesem-swoja-wlasna-sprawe","status":"publish","type":"post","link":"https:\/\/www.bezprawie.pl\/?p=774","title":{"rendered":"Adwokat ze Szczecina przegra\u0142 z kretesem swoj\u0105 w\u0142asn\u0105 spraw\u0119!!!"},"content":{"rendered":"\n<h2 class=\"wp-block-heading\">Kiedy wybieramy si\u0119 do adwokata, znaczy si\u0119 \u017ce sprawa jest powa\u017cna. Staramy si\u0119 wybra\u0107 kogo\u015b z polecania i godnego zaufania. Kogo\u015b kto ma szans\u0119 wygra\u0107 nasz\u0105 spraw\u0119. A co w sytuacji kiedy w sprawi\u0119 zaanga\u017cowany jest adwokat &#8211; jest stron\u0105 sprawy i ma czterech pe\u0142nomocnik\u00f3w? Czy to znaczy \u017ce ju\u017c jeste\u015bmy skazani na przegran\u0105?<\/h2>\n\n\n\n<p>Zacznijmy jednak od pocz\u0105tku. Jest rok 2015 w Kurierze Szczeci\u0144skim ukazuje si\u0119 krytyczny materia\u0142 prasowy o adwokacie <strong>Szymonie Matusiaku<\/strong> ze Szczecina. W materiale padaj\u0105 mocne zarzuty pod adresem prawnika, i\u017c dzia\u0142a\u0142 na szkod\u0119 swoich klient\u00f3w oraz na szkod\u0119 jednej ze sp\u00f3\u0142ek. <\/p>\n\n\n\n<p>Materia\u0142 bardzo nie spodoba\u0142 si\u0119 mecenasowi Matusiakowi jednak zwleka\u0142 on z wst\u0105pieniem na drog\u0119 s\u0105dow\u0105 prawie rok czasu. Co jednak ciekawe nigdy nie domaga\u0142 si\u0119 sprostowania rzekomo nieprawdziwych informacji od redakcji, wydawcy czy autorki tekstu jaki ukaza\u0142 si\u0119 w Kurierze Szczeci\u0144skim ale swoje oskar\u017cenia skierowa\u0142 przeciwko rzekomemu informatorowi dziennikarzy. Adwokat <strong>Szymon Matusiak<\/strong> uzbrojony w  czw\u00f3rk\u0119 pe\u0142nomocnik\u00f3w: adwokat <strong>Miko\u0142aj Fiodorow<\/strong>, adwokat <strong>Anna Negowska<\/strong>, adwokat <strong>Maciej Robaszko<\/strong>, adwokat <strong>Kacper Stukan<\/strong> &#8211; rozpocz\u0105\u0142 sw\u00f3j b\u00f3j s\u0105dowy.<\/p>\n\n\n\n<p><\/p>\n\n\n\n<figure class=\"wp-block-image size-large\"><a href=\"http:\/\/www.bezprawie.pl\/wp-content\/uploads\/20200715_112509a.jpg\"><img loading=\"lazy\" decoding=\"async\" width=\"860\" height=\"1024\" src=\"http:\/\/www.bezprawie.pl\/wp-content\/uploads\/20200715_112509a-860x1024.jpg\" alt=\"\" class=\"wp-image-775\" srcset=\"https:\/\/www.bezprawie.pl\/wp-content\/uploads\/20200715_112509a-860x1024.jpg 860w, https:\/\/www.bezprawie.pl\/wp-content\/uploads\/20200715_112509a-252x300.jpg 252w, https:\/\/www.bezprawie.pl\/wp-content\/uploads\/20200715_112509a-768x915.jpg 768w, https:\/\/www.bezprawie.pl\/wp-content\/uploads\/20200715_112509a-1290x1536.jpg 1290w, https:\/\/www.bezprawie.pl\/wp-content\/uploads\/20200715_112509a-1720x2048.jpg 1720w, https:\/\/www.bezprawie.pl\/wp-content\/uploads\/20200715_112509a.jpg 1960w\" sizes=\"auto, (max-width: 860px) 100vw, 860px\" \/><\/a><figcaption>S\u0105d Szczecin<\/figcaption><\/figure>\n\n\n\n<p>Przebieg rozprawy jednak by\u0142 inny od oczekiwa\u0144 ura\u017conego adwokata. Sprawa nie okaza\u0142a si\u0119 tak oczywista jak stara\u0142 si\u0119 to przedstawia\u0107 Szymon Matusiak. To tego jego pe\u0142nomocnicy zachowywali si\u0119 do\u015b\u0107 niefrasobliwie. Na przyk\u0142ad kiedy s\u0105d namawia\u0142 strony do ugody Ci tygodniami milczeli, byli s\u0142abo przygotowania, s\u0105d musia\u0142 im udost\u0119pnia\u0107 swoje akta aby mogli odczyta\u0107 swoje pisma!!!<\/p>\n\n\n\n<p>Sprawa trwa\u0142a  a\u017c ponad 6 lat przechodz\u0105c przez wszystkie instancje S\u0105d Rejonowy, S\u0105d Okr\u0119gowy a tak\u017ce S\u0105d Najwy\u017cszy. W sumie kilkana\u015bcie rozpraw i wyrok ko\u0144cz\u0105cy spraw\u0119. Wyrok kt\u00f3ry by\u0142 dla adwokata Szymona Matusiaka wielkim rozczarowaniem.<\/p>\n\n\n\n<figure class=\"wp-block-image size-large\"><a href=\"http:\/\/www.bezprawie.pl\/wp-content\/uploads\/155515350002006_IV_K_259_20_20210526_id23612211_wyrok-publikacja.jpg\"><img loading=\"lazy\" decoding=\"async\" width=\"750\" height=\"922\" src=\"http:\/\/www.bezprawie.pl\/wp-content\/uploads\/155515350002006_IV_K_259_20_20210526_id23612211_wyrok-publikacja.jpg\" alt=\"\" class=\"wp-image-776\" srcset=\"https:\/\/www.bezprawie.pl\/wp-content\/uploads\/155515350002006_IV_K_259_20_20210526_id23612211_wyrok-publikacja.jpg 750w, https:\/\/www.bezprawie.pl\/wp-content\/uploads\/155515350002006_IV_K_259_20_20210526_id23612211_wyrok-publikacja-244x300.jpg 244w\" sizes=\"auto, (max-width: 750px) 100vw, 750px\" \/><\/a><figcaption>Wyrok w sprawie adwokata Szymona Matusiaka<\/figcaption><\/figure>\n\n\n\n<p>Po sze\u015bciu latach procesu s\u0105d wyja\u015bni\u0142, \u017ce adwokat Szymon Matusiak nie ma racji i oskar\u017cona przez niego osoba nie mo\u017ce by\u0107 w \u017caden spos\u00f3b ukarana. Pr\u00f3bowali\u015bmy si\u0119 skontaktowa\u0107 z adwokatem ale w sms-ie przes\u0142anym do naszej redakcji &#8222;<em>zakaza\u0142 nam publikacji na sw\u00f3j temat<\/em>&#8222;. Pr\u00f3bowali\u015bmy tak\u017ce kontaktowa\u0107 si\u0119 z kancelari\u0105, kt\u00f3ra go reprezentowa\u0142a &#8211; jednak tak\u017ce bez skutku.<\/p>\n\n\n\n<figure class=\"wp-block-image size-large\"><a href=\"http:\/\/www.bezprawie.pl\/wp-content\/uploads\/20200715_105857-publikacja-scaled.jpg\"><img loading=\"lazy\" decoding=\"async\" width=\"1024\" height=\"686\" src=\"http:\/\/www.bezprawie.pl\/wp-content\/uploads\/20200715_105857-publikacja-1024x686.jpg\" alt=\"\" class=\"wp-image-777\" srcset=\"https:\/\/www.bezprawie.pl\/wp-content\/uploads\/20200715_105857-publikacja-1024x686.jpg 1024w, https:\/\/www.bezprawie.pl\/wp-content\/uploads\/20200715_105857-publikacja-300x201.jpg 300w, https:\/\/www.bezprawie.pl\/wp-content\/uploads\/20200715_105857-publikacja-768x514.jpg 768w, https:\/\/www.bezprawie.pl\/wp-content\/uploads\/20200715_105857-publikacja-1536x1029.jpg 1536w, https:\/\/www.bezprawie.pl\/wp-content\/uploads\/20200715_105857-publikacja-2048x1371.jpg 2048w, https:\/\/www.bezprawie.pl\/wp-content\/uploads\/20200715_105857-publikacja-448x300.jpg 448w\" sizes=\"auto, (max-width: 1024px) 100vw, 1024px\" \/><\/a><figcaption>Kancelaria Adwokacka reprezentuj\u0105ca adwokata Szymona Matusiaka<\/figcaption><\/figure>\n\n\n\n<p>Jaki mora\u0142 nasuwa si\u0119 tej sprawy. Ano taki, i\u017c nawet pi\u0119ciu adwokat\u00f3w ze Szczecina (adwokat <strong>Szymon Matusiak<\/strong>, adwokat <strong>Miko\u0142aj Fiodorow<\/strong>, adwokat <strong>Anna Negowska<\/strong>, adwokat <strong>Maciej Robaszko<\/strong>, adwokat <strong>Kacper Stukan<\/strong>) nie da\u0142o rady wygra\u0107 sprawy, sprawy adwokata przeciwko zwyk\u0142emu cz\u0142owiekowi, kt\u00f3ry zosta\u0142 przez nich oskar\u017cony.<\/p>\n\n\n\n<p>Warto te\u017c doda\u0107, i\u017c nie jest to pierwsza osobista pora\u017cka adwokata Szymona Matusiaka, opisywali\u015bmy podobn\u0105 spraw\u0119 ju\u017c wcze\u015bniej &#8211; <a href=\"http:\/\/www.bezprawie.pl\/?p=722\" target=\"_blank\" rel=\"noreferrer noopener\">Kolejna kl\u0119ska adwokata Szymona Matusiaka ze Szczecina<\/a>.<\/p>\n\n\n\n<p>Wyrok nie jest prawomocny.<\/p>\n\n\n\n<p>LC<\/p>\n","protected":false},"excerpt":{"rendered":"<p>Kiedy wybieramy si\u0119 do adwokata, znaczy si\u0119 \u017ce sprawa jest powa\u017cna. Staramy si\u0119 wybra\u0107 kogo\u015b z polecania i godnego zaufania. Kogo\u015b kto ma szans\u0119 wygra\u0107 nasz\u0105 spraw\u0119. A co w sytuacji kiedy w sprawi\u0119 zaanga\u017cowany jest adwokat &#8211; jest stron\u0105 &hellip; <a href=\"https:\/\/www.bezprawie.pl\/?p=774\">Czytaj dalej <span class=\"meta-nav\">&rarr;<\/span><\/a><\/p>\n","protected":false},"author":1,"featured_media":0,"comment_status":"open","ping_status":"open","sticky":false,"template":"","format":"standard","meta":{"footnotes":""},"categories":[37],"tags":[115,18],"class_list":["post-774","post","type-post","status-publish","format-standard","hentry","category-szczecin","tag-adwokat","tag-sad"],"_links":{"self":[{"href":"https:\/\/www.bezprawie.pl\/index.php?rest_route=\/wp\/v2\/posts\/774","targetHints":{"allow":["GET"]}}],"collection":[{"href":"https:\/\/www.bezprawie.pl\/index.php?rest_route=\/wp\/v2\/posts"}],"about":[{"href":"https:\/\/www.bezprawie.pl\/index.php?rest_route=\/wp\/v2\/types\/post"}],"author":[{"embeddable":true,"href":"https:\/\/www.bezprawie.pl\/index.php?rest_route=\/wp\/v2\/users\/1"}],"replies":[{"embeddable":true,"href":"https:\/\/www.bezprawie.pl\/index.php?rest_route=%2Fwp%2Fv2%2Fcomments&post=774"}],"version-history":[{"count":1,"href":"https:\/\/www.bezprawie.pl\/index.php?rest_route=\/wp\/v2\/posts\/774\/revisions"}],"predecessor-version":[{"id":778,"href":"https:\/\/www.bezprawie.pl\/index.php?rest_route=\/wp\/v2\/posts\/774\/revisions\/778"}],"wp:attachment":[{"href":"https:\/\/www.bezprawie.pl\/index.php?rest_route=%2Fwp%2Fv2%2Fmedia&parent=774"}],"wp:term":[{"taxonomy":"category","embeddable":true,"href":"https:\/\/www.bezprawie.pl\/index.php?rest_route=%2Fwp%2Fv2%2Fcategories&post=774"},{"taxonomy":"post_tag","embeddable":true,"href":"https:\/\/www.bezprawie.pl\/index.php?rest_route=%2Fwp%2Fv2%2Ftags&post=774"}],"curies":[{"name":"wp","href":"https:\/\/api.w.org\/{rel}","templated":true}]}}