{"id":785,"date":"2022-05-10T18:05:41","date_gmt":"2022-05-10T18:05:41","guid":{"rendered":"http:\/\/www.bezprawie.pl\/?p=785"},"modified":"2022-05-10T18:05:41","modified_gmt":"2022-05-10T18:05:41","slug":"dwukrotny-prezes-srebrnej-tw-ryszard-ekspertem-w-ministerstwie-klimatu","status":"publish","type":"post","link":"https:\/\/www.bezprawie.pl\/?p=785","title":{"rendered":"Dwukrotny prezes Srebrnej, TW &#8222;Ryszard&#8221; ekspertem w ministerstwie klimatu"},"content":{"rendered":"\n<p>Kazimierz Kujda pe\u0142ni funkcj\u0119 eksperta w Ministerstwie Klimatu i \u015arodowiska &#8211; poinformowa\u0142 resort klimatu w odpowiedzi przes\u0142anej portalowi Gazeta.pl. To by\u0142y prezes Narodowego Funduszu Ochrony \u015arodowiska i Gospodarki Wodnej, kt\u00f3ry &#8211; jak informowa\u0142o Biuro Lustracyjne Instytutu Pami\u0119ci Narodowej &#8211; z\u0142o\u017cy\u0142 niezgodne z prawd\u0105 o\u015bwiadczenie lustracyjne. Kujda w aktach S\u0142u\u017cby Bezpiecze\u0144stwa PRL figuruje jako TW &#8222;Ryszard&#8221;.<\/p>\n\n\n\n<p>&#8222;Pan Kazimierz Kujda jest zatrudniony w Ministerstwie Klimatu i \u015arodowiska na podstawie umowy o prac\u0119 od 1 marca br., na stanowisku eksperta&#8221; &#8211; przekaza\u0142o MKi\u015a w odpowiedzi przes\u0142anej Gazeta.pl.<\/p>\n\n\n\n<p>Z ustale\u0144 Gazeta.pl wynika, \u017ce &#8222;Kujda rekomenduje ludzi do pracy w Narodowym Funduszu Ochrony \u015arodowiska i Gospodarki Wodnej, kt\u00f3ry by\u0142 jego 'kr\u00f3lestwem&#8217; do czasu ujawnienia, \u017ce by\u0142 w PRL zarejestrowany jako agent komunistycznej S\u0142u\u017cby Bezpiecze\u0144stwa&#8221;.<\/p>\n\n\n\n<p><strong>Kim jest Kazimierz Kujda?<\/strong><\/p>\n\n\n\n<p>Kazimierz Kujda jest r\u00f3wnie\u017c przewodnicz\u0105cym rady nadzorczej w Polskiej Sp\u00f3\u0142ce Gazownictwa, kt\u00f3ra dystrybuuje gaz w Polsce.<\/p>\n\n\n\n<p>Jak pisze Gazeta.pl, Kujda &#8222;nale\u017ca\u0142 do najbli\u017cszych wsp\u00f3\u0142pracownik\u00f3w prezesa PiS&#8221;. Dwukrotnie &#8211; w latach 1995-98 i 2008-15 &#8211; by\u0142 prezesem sp\u00f3\u0142ki Srebrna. Jego nazwisko pojawi\u0142o si\u0119 w publikacji &#8222;Gazety Wyborczej&#8221;, w kt\u00f3rej opublikowano stenogram nagrania rozmowy z lipca 2018 roku mi\u0119dzy innymi prezesa PiS Jaros\u0142awa Kaczy\u0144skiego z austriackim przedsi\u0119biorc\u0105 Geraldem Birgfellnerem, kt\u00f3rego firmy mia\u0142y przygotowa\u0107 budow\u0119 w Warszawie dw\u00f3ch wie\u017cowc\u00f3w dla sp\u00f3\u0142ki Srebrna.<\/p>\n\n\n\n<p>Kujda pe\u0142ni\u0142 trzykrotnie funkcj\u0119 prezesa zarz\u0105du Narodowego Funduszu Ochrony \u015arodowiska i Gospodarki Wodnej. Kierowa\u0142 NFO\u015aiGW od 2015 roku do lutego 2019 roku. Wcze\u015bniej pe\u0142ni\u0142 funkcj\u0119 prezesa NFO\u015aiGW w latach 2000-2002 oraz 2006-2008. By\u0142 te\u017c cz\u0142onkiem Narodowej Rady Rozwoju dzia\u0142aj\u0105cej przy prezydencie Andrzeju Dudzie.<\/p>\n\n\n\n<p>Ponadto by\u0142 cz\u0142onkiem rad nadzorczych w sp\u00f3\u0142kach Bank Ochrony \u015arodowiska i Polskie Koleje Pa\u0144stwowe.<\/p>\n\n\n\n<p><strong>Post\u0119powanie lustracyjne<\/strong><\/p>\n\n\n\n<p>Na prze\u0142omie stycznia i lutego 2019 roku pojawi\u0142y si\u0119 doniesienia medialne dotycz\u0105ce wsp\u00f3\u0142pracy prezesa Kazimierza Kujdy ze S\u0142u\u017cb\u0105 Bezpiecze\u0144stwa. Spraw\u0119, przedstawiaj\u0105c m.in. zawarto\u015b\u0107 teczek, opisali dziennikarze &#8222;Gazety Wyborczej&#8221; i portalu Onet. &#8222;Rzeczpospolita&#8221; podawa\u0142a, \u017ce Kujda &#8222;widnieje w jawnym ju\u017c inwentarzu IPN jako tajny wsp\u00f3\u0142pracownik o pseudonimie Ryszard, kt\u00f3ry wsp\u00f3\u0142prac\u0119 mia\u0142 rozpocz\u0105\u0107 w 1979 r. w Siedlcach&#8221;.<\/p>\n\n\n\n<p>Biuro Lustracyjne Instytutu Pami\u0119ci Narodowej w lutym 2021 roku przekaza\u0142o, \u017ce Kazimierz Kujda z\u0142o\u017cy\u0142 niezgodne z prawd\u0105 o\u015bwiadczenie lustracyjne. Post\u0119powanie prokuratora IPN dotyczy\u0142o wsp\u00f3\u0142pracy Kujdy ze S\u0142u\u017cb\u0105 Bezpiecze\u0144stwa. Z dokument\u00f3w, z kt\u00f3rymi Polska Agencja Prasowa zapozna\u0142a si\u0119 w Instytucie Pami\u0119ci Narodowej, wynika\u0142o, \u017ce Kazimierz Kujda 21 grudnia 1979 roku w Warszawie na pi\u015bmie z\u0142o\u017cy\u0142 o\u015bwiadczenie dotycz\u0105ce &#8222;nawi\u0105zania dialogu&#8221; ze S\u0142u\u017cb\u0105 Bezpiecze\u0144stwa. O\u015bwiadczenie to &#8211; jak podawa\u0142a PAP &#8211; poprzedzone jest m.in. szczeg\u00f3\u0142owym wnioskiem SB o zatwierdzenie dokonanego pozyskania Kujdy na tajnego wsp\u00f3\u0142pracownika o pseudonimie &#8222;Ryszard&#8221;. Dokumenty te znajduj\u0105 si\u0119 w teczce personalnej, kt\u00f3r\u0105 za\u0142o\u017cy\u0142a SB, dotycz\u0105cej &#8211; jak wskaza\u0142a Agencja &#8211; Kazimierza Kujdy, ur. 14 czerwca 1952 roku.<\/p>\n\n\n\n<p>W rozmowie z PAP Kazimierz Kujda utrzymywa\u0142, \u017ce z\u0142o\u017cy\u0142 zgodne z prawd\u0105 o\u015bwiadczenie lustracyjne i zaprzecza\u0142 wsp\u00f3\u0142pracy z SB.<\/p>\n\n\n\n<p>Autor:mb\/ams<\/p>\n\n\n\n<p>TVN24 Biznes, Gazeta.pl<\/p>\n","protected":false},"excerpt":{"rendered":"<p>Kazimierz Kujda pe\u0142ni funkcj\u0119 eksperta w Ministerstwie Klimatu i \u015arodowiska &#8211; poinformowa\u0142 resort klimatu w odpowiedzi przes\u0142anej portalowi Gazeta.pl. To by\u0142y prezes Narodowego Funduszu Ochrony \u015arodowiska i Gospodarki Wodnej, kt\u00f3ry &#8211; jak informowa\u0142o Biuro Lustracyjne Instytutu Pami\u0119ci Narodowej &#8211; z\u0142o\u017cy\u0142 &hellip; <a href=\"https:\/\/www.bezprawie.pl\/?p=785\">Czytaj dalej <span class=\"meta-nav\">&rarr;<\/span><\/a><\/p>\n","protected":false},"author":1,"featured_media":0,"comment_status":"open","ping_status":"open","sticky":false,"template":"","format":"standard","meta":{"footnotes":""},"categories":[1],"tags":[170,171],"class_list":["post-785","post","type-post","status-publish","format-standard","hentry","category-bez-kategorii","tag-prl","tag-sb"],"_links":{"self":[{"href":"https:\/\/www.bezprawie.pl\/index.php?rest_route=\/wp\/v2\/posts\/785","targetHints":{"allow":["GET"]}}],"collection":[{"href":"https:\/\/www.bezprawie.pl\/index.php?rest_route=\/wp\/v2\/posts"}],"about":[{"href":"https:\/\/www.bezprawie.pl\/index.php?rest_route=\/wp\/v2\/types\/post"}],"author":[{"embeddable":true,"href":"https:\/\/www.bezprawie.pl\/index.php?rest_route=\/wp\/v2\/users\/1"}],"replies":[{"embeddable":true,"href":"https:\/\/www.bezprawie.pl\/index.php?rest_route=%2Fwp%2Fv2%2Fcomments&post=785"}],"version-history":[{"count":1,"href":"https:\/\/www.bezprawie.pl\/index.php?rest_route=\/wp\/v2\/posts\/785\/revisions"}],"predecessor-version":[{"id":787,"href":"https:\/\/www.bezprawie.pl\/index.php?rest_route=\/wp\/v2\/posts\/785\/revisions\/787"}],"wp:attachment":[{"href":"https:\/\/www.bezprawie.pl\/index.php?rest_route=%2Fwp%2Fv2%2Fmedia&parent=785"}],"wp:term":[{"taxonomy":"category","embeddable":true,"href":"https:\/\/www.bezprawie.pl\/index.php?rest_route=%2Fwp%2Fv2%2Fcategories&post=785"},{"taxonomy":"post_tag","embeddable":true,"href":"https:\/\/www.bezprawie.pl\/index.php?rest_route=%2Fwp%2Fv2%2Ftags&post=785"}],"curies":[{"name":"wp","href":"https:\/\/api.w.org\/{rel}","templated":true}]}}