{"id":790,"date":"2022-05-12T17:39:46","date_gmt":"2022-05-12T17:39:46","guid":{"rendered":"http:\/\/www.bezprawie.pl\/?p=790"},"modified":"2022-05-12T17:42:50","modified_gmt":"2022-05-12T17:42:50","slug":"z-numeru-telefonu-zarejestrowanego-na-adwokata-szymona-matusiaka-do-jego-bylego-klienta-wyslane-byly-pogrozki","status":"publish","type":"post","link":"https:\/\/www.bezprawie.pl\/?p=790","title":{"rendered":"Z numeru telefonu zarejestrowanego na adwokata Szymona Matusiaka do jego by\u0142ego klienta wys\u0142ane by\u0142y pogr\u00f3\u017cki !!!"},"content":{"rendered":"\n<p>Adwokat <strong>Szymon Matusiak<\/strong> jest znanym prawnikiem w Szczecinie. Niestety jego \u201es\u0142awa\u201d nie wynika z profesjonalizmu czy wiedzy prawniczej, a raczej z zachowania na kt\u00f3re w\u0142a\u015bciwie nie reaguje ORA w Szczecinie. Przypomnijmy, i\u017c adwokat <a href=\"http:\/\/www.bezprawie.pl\/?p=546\" target=\"_blank\" rel=\"noreferrer noopener\">w niewybredny spos\u00f3b \u017cartowa\u0142 sobie na swoim oficjalnym profilu Facebook<\/a>, <a href=\"http:\/\/www.bezprawie.pl\/?p=774\" target=\"_blank\" rel=\"noreferrer noopener\">oskar\u017cy\u0142 swojego by\u0142ego klienta o znies\u0142awienie i sprawa po 6 latach zosta\u0142a umorzona maj\u0105c do pomocy 4 innych adwokat\u00f3w<\/a>; <a href=\"http:\/\/www.bezprawie.pl\/?p=722\" target=\"_blank\" rel=\"noreferrer noopener\">oskar\u017cy\u0142 naszego redaktora naczelnego i spraw\u0119 tak\u017ce przegra\u0142<\/a>, zwleka\u0142 prawie 6 miesi\u0119cy z zap\u0142aceniem koszt\u00f3w s\u0105dowych i tak mo\u017cna by wymienia\u0107 przez ca\u0142\u0105 stron\u0119.<\/p>\n\n\n\n<figure class=\"wp-block-image size-full is-resized\"><a href=\"http:\/\/www.bezprawie.pl\/wp-content\/uploads\/matusiak_fb_04.jpg\"><img loading=\"lazy\" decoding=\"async\" src=\"http:\/\/www.bezprawie.pl\/wp-content\/uploads\/matusiak_fb_04.jpg\" alt=\"\" class=\"wp-image-551\" width=\"606\" height=\"333\" srcset=\"https:\/\/www.bezprawie.pl\/wp-content\/uploads\/matusiak_fb_04.jpg 526w, https:\/\/www.bezprawie.pl\/wp-content\/uploads\/matusiak_fb_04-300x165.jpg 300w, https:\/\/www.bezprawie.pl\/wp-content\/uploads\/matusiak_fb_04-500x275.jpg 500w\" sizes=\"auto, (max-width: 606px) 100vw, 606px\" \/><\/a><\/figure>\n\n\n\n<figure class=\"wp-block-image size-full is-resized\"><a href=\"http:\/\/www.bezprawie.pl\/wp-content\/uploads\/matusiak_fb_05.jpg\"><img loading=\"lazy\" decoding=\"async\" src=\"http:\/\/www.bezprawie.pl\/wp-content\/uploads\/matusiak_fb_05.jpg\" alt=\"\" class=\"wp-image-552\" width=\"593\" height=\"270\" srcset=\"https:\/\/www.bezprawie.pl\/wp-content\/uploads\/matusiak_fb_05.jpg 530w, https:\/\/www.bezprawie.pl\/wp-content\/uploads\/matusiak_fb_05-300x136.jpg 300w, https:\/\/www.bezprawie.pl\/wp-content\/uploads\/matusiak_fb_05-500x227.jpg 500w\" sizes=\"auto, (max-width: 593px) 100vw, 593px\" \/><\/a><\/figure>\n\n\n\n<p><a href=\"https:\/\/izba-adwokacka.szczecin.pl\/\" target=\"_blank\" rel=\"noreferrer noopener\">ORA w Szczecinie<\/a> w swoisty spos\u00f3b chroni adwokata <strong>Szymona Matusiaka<\/strong> udzielaj\u0105c mu jedynie nic nie znacz\u0105cych upomnie\u0144. Dlaczego te upomnienia nic nie znacz\u0105 wyja\u015bnimy w dalszej cz\u0119\u015bci niniejszego tekstu. Sprawa, kt\u00f3r\u0105 chcemy opisa\u0107 zasz\u0142a ju\u017c tak daleko, i\u017c kara dla prawnika wydaje si\u0119 nieunikniona.<\/p>\n\n\n\n<p>Cofnijmy si\u0119 o klika lat \u2013 ura\u017cony publikacj\u0105 w \u201e<em>Kurierze Szczeci\u0144skim<\/em>\u201d adwokat <strong>Szymon Matusiak<\/strong> postanawia wytoczy\u0107 proces swojemu by\u0142emu klientowi. Po wielu latach procesu \u2013 s\u0105d umarza post\u0119powanie i nakazuje zap\u0142aci\u0107 prawnikowi na rzecz nies\u0142usznie oskar\u017conej osobie kilkutysi\u0119czne koszty zast\u0119pstwa procesowego. Jednak <strong>Szymon Matusiak<\/strong> oci\u0105ga si\u0119 z zap\u0142at\u0105 zas\u0105dzonej kwoty, wydaje si\u0119 by\u0107 zdruzgotany \u2013 zapad\u0142ym wyrokiem.<\/p>\n\n\n\n<p>Kiedy niewinny oskar\u017cony, by\u0142y klient mecenasa, oczkuje na nale\u017cn\u0105 mu kwot\u0119 zaczyna otrzymywa\u0107 dziwne SMSy z nieznanego mu numeru. SMSy nie s\u0105 odpowiedzi\u0105 na inne wiadomo\u015bci nie s\u0105 te\u017c wynikiem konwersacji. Na pocz\u0105tku wys\u0142ane SMSy mo\u017cna uzna\u0107 za obra\u017aliwe, potem zniewa\u017caj\u0105ce a\u017c dochodz\u0105ce do gr\u00f3\u017ab. Doda\u0107 nale\u017cy, i\u017c cz\u0119\u015b\u0107 SMS\u00f3w wys\u0142ana by\u0142a p\u00f3\u017an\u0105 noc\u0105 &#8211; po p\u00f3\u0142nocy.<\/p>\n\n\n\n<figure class=\"wp-block-image size-full\"><a href=\"http:\/\/www.bezprawie.pl\/wp-content\/uploads\/1.jpg\"><img loading=\"lazy\" decoding=\"async\" width=\"879\" height=\"879\" src=\"http:\/\/www.bezprawie.pl\/wp-content\/uploads\/1.jpg\" alt=\"\" class=\"wp-image-791\" srcset=\"https:\/\/www.bezprawie.pl\/wp-content\/uploads\/1.jpg 879w, https:\/\/www.bezprawie.pl\/wp-content\/uploads\/1-300x300.jpg 300w, https:\/\/www.bezprawie.pl\/wp-content\/uploads\/1-150x150.jpg 150w, https:\/\/www.bezprawie.pl\/wp-content\/uploads\/1-768x768.jpg 768w\" sizes=\"auto, (max-width: 879px) 100vw, 879px\" \/><\/a><\/figure>\n\n\n\n<figure class=\"wp-block-image size-full\"><a href=\"http:\/\/www.bezprawie.pl\/wp-content\/uploads\/2.jpg\"><img loading=\"lazy\" decoding=\"async\" width=\"862\" height=\"990\" src=\"http:\/\/www.bezprawie.pl\/wp-content\/uploads\/2.jpg\" alt=\"\" class=\"wp-image-795\" srcset=\"https:\/\/www.bezprawie.pl\/wp-content\/uploads\/2.jpg 862w, https:\/\/www.bezprawie.pl\/wp-content\/uploads\/2-261x300.jpg 261w, https:\/\/www.bezprawie.pl\/wp-content\/uploads\/2-768x882.jpg 768w\" sizes=\"auto, (max-width: 862px) 100vw, 862px\" \/><\/a><\/figure>\n\n\n\n<figure class=\"wp-block-image size-full\"><a href=\"http:\/\/www.bezprawie.pl\/wp-content\/uploads\/3.jpg\"><img loading=\"lazy\" decoding=\"async\" width=\"864\" height=\"321\" src=\"http:\/\/www.bezprawie.pl\/wp-content\/uploads\/3.jpg\" alt=\"\" class=\"wp-image-793\" srcset=\"https:\/\/www.bezprawie.pl\/wp-content\/uploads\/3.jpg 864w, https:\/\/www.bezprawie.pl\/wp-content\/uploads\/3-300x111.jpg 300w, https:\/\/www.bezprawie.pl\/wp-content\/uploads\/3-768x285.jpg 768w, https:\/\/www.bezprawie.pl\/wp-content\/uploads\/3-500x186.jpg 500w\" sizes=\"auto, (max-width: 864px) 100vw, 864px\" \/><\/a><\/figure>\n\n\n\n<p>By\u0142y klient adwokata <strong>Szymona Matusiaka<\/strong> postanowi\u0142 zg\u0142osi\u0107 spraw\u0119 na policj\u0119. To po zbadaniu sprawy skierowa\u0142a j\u0105 do S\u0105du Rejonowego w Dzier\u017coniowie, aby ten ustali\u0142 do kogo przypisany jest numer z kt\u00f3rego wys\u0142ane by\u0142y obra\u017aliwe wiadomo\u015bci.<\/p>\n\n\n\n<h1 class=\"wp-block-heading\">S\u0105d bez problemu ustali\u0142 i\u017c numer ten zarejestrowany jest na nast\u0119puj\u0105cy podmiot <strong>Kancelaria Adwokacka Szymon Matusiak Kamie\u0144 Pomorski ul. Szymanowskiego 1. Obecnie przed S\u0105dem Rejonowym w Dzier\u017coniowie pod sygnatura akt IIK 7\/22 toczy si\u0119 post\u0119powanie o zniewa\u017cenie w zwi\u0105zku z wysy\u0142anymi SMSami.<\/strong><\/h1>\n\n\n\n<p>Pytanie kt\u00f3re na razie pozostaje bez odpowiedzi to: jak\u0105 tym razem ORA w Szczecinie znajdzie wym\u00f3wk\u0119 aby nie zareagowa\u0107 w\u0142a\u015bciwie na zachowanie adwokata sprzeczne z dobrymi obyczajami i normami nie tylko spo\u0142ecznymi. Jak wida\u0107 dotychczasowe \u201ekary\u201d jakie otrzyma\u0142 <strong>Szymon Matusiak<\/strong> nie s\u0105 skuteczne aby m\u00f3g\u0142 on zapanowa\u0107 nad swoimi emocjami.<\/p>\n","protected":false},"excerpt":{"rendered":"<p>Adwokat Szymon Matusiak jest znanym prawnikiem w Szczecinie. Niestety jego \u201es\u0142awa\u201d nie wynika z profesjonalizmu czy wiedzy prawniczej, a raczej z zachowania na kt\u00f3re w\u0142a\u015bciwie nie reaguje ORA w Szczecinie. Przypomnijmy, i\u017c adwokat w niewybredny spos\u00f3b \u017cartowa\u0142 sobie na swoim &hellip; <a href=\"https:\/\/www.bezprawie.pl\/?p=790\">Czytaj dalej <span class=\"meta-nav\">&rarr;<\/span><\/a><\/p>\n","protected":false},"author":1,"featured_media":0,"comment_status":"open","ping_status":"open","sticky":false,"template":"","format":"standard","meta":{"footnotes":""},"categories":[37],"tags":[115,16,18,173],"class_list":["post-790","post","type-post","status-publish","format-standard","hentry","category-szczecin","tag-adwokat","tag-policja","tag-sad","tag-zniewazenie"],"_links":{"self":[{"href":"https:\/\/www.bezprawie.pl\/index.php?rest_route=\/wp\/v2\/posts\/790","targetHints":{"allow":["GET"]}}],"collection":[{"href":"https:\/\/www.bezprawie.pl\/index.php?rest_route=\/wp\/v2\/posts"}],"about":[{"href":"https:\/\/www.bezprawie.pl\/index.php?rest_route=\/wp\/v2\/types\/post"}],"author":[{"embeddable":true,"href":"https:\/\/www.bezprawie.pl\/index.php?rest_route=\/wp\/v2\/users\/1"}],"replies":[{"embeddable":true,"href":"https:\/\/www.bezprawie.pl\/index.php?rest_route=%2Fwp%2Fv2%2Fcomments&post=790"}],"version-history":[{"count":2,"href":"https:\/\/www.bezprawie.pl\/index.php?rest_route=\/wp\/v2\/posts\/790\/revisions"}],"predecessor-version":[{"id":796,"href":"https:\/\/www.bezprawie.pl\/index.php?rest_route=\/wp\/v2\/posts\/790\/revisions\/796"}],"wp:attachment":[{"href":"https:\/\/www.bezprawie.pl\/index.php?rest_route=%2Fwp%2Fv2%2Fmedia&parent=790"}],"wp:term":[{"taxonomy":"category","embeddable":true,"href":"https:\/\/www.bezprawie.pl\/index.php?rest_route=%2Fwp%2Fv2%2Fcategories&post=790"},{"taxonomy":"post_tag","embeddable":true,"href":"https:\/\/www.bezprawie.pl\/index.php?rest_route=%2Fwp%2Fv2%2Ftags&post=790"}],"curies":[{"name":"wp","href":"https:\/\/api.w.org\/{rel}","templated":true}]}}