{"id":8,"date":"2010-01-13T19:21:37","date_gmt":"2010-01-13T19:21:37","guid":{"rendered":"http:\/\/bezprawie.pl\/?p=8"},"modified":"2010-07-25T19:55:07","modified_gmt":"2010-07-25T19:55:07","slug":"dzierzoniow-umorzone-sledztwo-media-o-sprawie-pobicia-policjantow","status":"publish","type":"post","link":"https:\/\/www.bezprawie.pl\/?p=8","title":{"rendered":"Dzier\u017coni\u00f3w: Umorzone \u015bledztwo &#8211; media o sprawie pobicia policjant\u00f3w"},"content":{"rendered":"<p>Prokuratura rejonowa w Dzier\u017coniowie umorzy\u0142a \u015bledztwo wobec radnego, kt\u00f3ry w listopadzie zaatakowa\u0142 interweniuj\u0105cych policjant\u00f3w.<\/p>\n<p>Zwi\u0105zany z Prawem i Sprawiedliwo\u015bci\u0105 <strong>Roman Kowalczyk<\/strong> by\u0142 pijany, wcze\u015bniej wda\u0142 si\u0119 w awantur\u0119 z s\u0105siadem. Kilka dni p\u00f3\u017aniej w Faktach za swoje zachowanie przeprosi\u0142, co jak si\u0119 okaza\u0142o nie pozosta\u0142o bez wp\u0142ywu na decyzj\u0119 prokuratury. <strong>Roman Kowalczyk<\/strong> nie ukrywa, \u017ce poczu\u0142 ulg\u0119 w chwili, gdy prokuratura umorzy\u0142a \u015bledztwo wobec niego.<\/p>\n<p>Przewodnicz\u0105cy rady miejskiej w Dzier\u017coniowie(prywatnie m\u0105\u017c Pani prokurator &#8211; red)  m\u00f3wi, \u017ce do\u015bwiadczenia radnego <strong>Kowalczyka<\/strong> powinny by\u0107 przestrog\u0105 dla kandydat\u00f3w do pracy w samorz\u0105dzie.<\/p>\n<p>Decyzja o umorzeniu \u015bledztwa nie ka\u017cdemu si\u0119 podoba. Radny <strong>Leszek Kwiecie\u0144<\/strong> nale\u017cy do tych niezadowolonych. <em>Szkoda mi go, \u017ce co\u015b takiego mu si\u0119 przytrafi\u0142o, ale prawo nie jest r\u00f3wne, zwyk\u0142y Kowalski mia\u0142by dawno ju\u017c spraw\u0119<\/em> &#8211; m\u00f3wi.<\/p>\n<p>Jak m\u00f3wi szefowa dzier\u017coniowskiej prokuratury \u015bledztwo umorzono, bo szkodliwo\u015b\u0107 spo\u0142eczna czynu radnego by\u0142a niewielka. Jak m\u00f3wi <strong>Iwona Uszpulewicz<\/strong> decyzja prokuratury nie jest jeszcze prawomocna.<\/p>\n<p>W ubieg\u0142ym roku na ca\u0142ym Dolnym \u015al\u0105sku prowadzono 180 post\u0119powa\u0144 wobec os\u00f3b, kt\u00f3re naruszy\u0142y nietykalno\u015b\u0107 policjant\u00f3w, by\u0142o te\u017c 19 spraw wobec sprawc\u00f3w czynnych napa\u015bci na nich. Ile z tych post\u0119powa\u0144 umorzono? Takich danych nie ma.<\/p>\n<p>TVP<br \/>\nMarcin Brodowski<\/p>\n<p><object classid=\"clsid:d27cdb6e-ae6d-11cf-96b8-444553540000\" width=\"425\" height=\"344\" codebase=\"http:\/\/download.macromedia.com\/pub\/shockwave\/cabs\/flash\/swflash.cab#version=6,0,40,0\"><param name=\"allowFullScreen\" value=\"true\" \/><param name=\"allowscriptaccess\" value=\"always\" \/><param name=\"src\" value=\"http:\/\/www.youtube.com\/v\/HC3NVpvaxsQ&amp;hl=pl_PL&amp;fs=1&amp;\" \/><param name=\"allowfullscreen\" value=\"true\" \/><embed type=\"application\/x-shockwave-flash\" width=\"425\" height=\"344\" src=\"http:\/\/www.youtube.com\/v\/HC3NVpvaxsQ&amp;hl=pl_PL&amp;fs=1&amp;\" allowscriptaccess=\"always\" allowfullscreen=\"true\"><\/embed><\/object><\/p>\n","protected":false},"excerpt":{"rendered":"<p>Prokuratura rejonowa w Dzier\u017coniowie umorzy\u0142a \u015bledztwo wobec radnego, kt\u00f3ry w listopadzie zaatakowa\u0142 interweniuj\u0105cych policjant\u00f3w. Zwi\u0105zany z Prawem i Sprawiedliwo\u015bci\u0105 Roman Kowalczyk by\u0142 pijany, wcze\u015bniej wda\u0142 si\u0119 w awantur\u0119 z s\u0105siadem. Kilka dni p\u00f3\u017aniej w Faktach za swoje zachowanie przeprosi\u0142, co &hellip; <a href=\"https:\/\/www.bezprawie.pl\/?p=8\">Czytaj dalej <span class=\"meta-nav\">&rarr;<\/span><\/a><\/p>\n","protected":false},"author":1,"featured_media":0,"comment_status":"open","ping_status":"open","sticky":false,"template":"","format":"standard","meta":{"footnotes":""},"categories":[4,7,3],"tags":[19,16,17,20,18],"class_list":["post-8","post","type-post","status-publish","format-standard","hentry","category-dolnoslaskie","category-dzierzoniow","category-polska","tag-pobicie","tag-policja","tag-prokuratura","tag-radny","tag-sad"],"_links":{"self":[{"href":"https:\/\/www.bezprawie.pl\/index.php?rest_route=\/wp\/v2\/posts\/8","targetHints":{"allow":["GET"]}}],"collection":[{"href":"https:\/\/www.bezprawie.pl\/index.php?rest_route=\/wp\/v2\/posts"}],"about":[{"href":"https:\/\/www.bezprawie.pl\/index.php?rest_route=\/wp\/v2\/types\/post"}],"author":[{"embeddable":true,"href":"https:\/\/www.bezprawie.pl\/index.php?rest_route=\/wp\/v2\/users\/1"}],"replies":[{"embeddable":true,"href":"https:\/\/www.bezprawie.pl\/index.php?rest_route=%2Fwp%2Fv2%2Fcomments&post=8"}],"version-history":[{"count":11,"href":"https:\/\/www.bezprawie.pl\/index.php?rest_route=\/wp\/v2\/posts\/8\/revisions"}],"predecessor-version":[{"id":24,"href":"https:\/\/www.bezprawie.pl\/index.php?rest_route=\/wp\/v2\/posts\/8\/revisions\/24"}],"wp:attachment":[{"href":"https:\/\/www.bezprawie.pl\/index.php?rest_route=%2Fwp%2Fv2%2Fmedia&parent=8"}],"wp:term":[{"taxonomy":"category","embeddable":true,"href":"https:\/\/www.bezprawie.pl\/index.php?rest_route=%2Fwp%2Fv2%2Fcategories&post=8"},{"taxonomy":"post_tag","embeddable":true,"href":"https:\/\/www.bezprawie.pl\/index.php?rest_route=%2Fwp%2Fv2%2Ftags&post=8"}],"curies":[{"name":"wp","href":"https:\/\/api.w.org\/{rel}","templated":true}]}}