{"id":84,"date":"2007-01-09T18:16:00","date_gmt":"2007-01-09T18:16:00","guid":{"rendered":"http:\/\/bezprawie.pl\/?p=84"},"modified":"2010-07-26T18:20:24","modified_gmt":"2010-07-26T18:20:24","slug":"dzierzoniow-kwiecien-wybral-w-strasburgu","status":"publish","type":"post","link":"https:\/\/www.bezprawie.pl\/?p=84","title":{"rendered":"Dzier\u017coni\u00f3w: Kwiecie\u0144 wybra\u0142 w Strasburgu"},"content":{"rendered":"<p>Europejski Trybuna\u0142 Praw Cz\u0142owieka w Strasburgu uzna\u0142 we wtorek, \u017ce wymierzenie przez polski s\u0105d 20 tys. z\u0142 kary dla cz\u0142owieka, kt\u00f3ry napisa\u0142 w li\u015bcie otwartym, \u017ce kandydat w wyborach samorz\u0105dowych \u017ale wype\u0142nia swoje obowi\u0105zki i zarzuci\u0142 mu k\u0142amstwo, stanowi naruszenie wolno\u015bci s\u0142owa. Trybuna\u0142 zas\u0105dzi\u0142 na jego rzecz 8.650 euro.<\/p>\n<p>Przed wyborami samorz\u0105dowymi w 1998 roku <strong>Leszek Kwiecie\u0144<\/strong> z Dzier\u017coniowa napisa\u0142 list otwarty, w kt\u00f3rym zarzuci\u0142 szefowi Urz\u0119du Rejonowego w tym mie\u015bcie, kandyduj\u0105cemu w wyborach do Rady Powiatu, \u017ce nieudolnie wype\u0142nia swoje obowi\u0105zki, a nieraz dzia\u0142a w z\u0142ej wierze &#8222;cz\u0119sto \u0142ami\u0105c prawo i opieraj\u0105c swoje deklaracje na k\u0142amstwie&#8221;. Wezwa\u0142 go do rezygnacji z kandydowania. Szef Urz\u0119du Rejonowego (<em>red &#8211; Stanis\u0142aw Lenartowicz<\/em>) nie zrezygnowa\u0142, ale nie zosta\u0142 wybrany do rady powiatu. Skierowa\u0142 przeciwko Kwietniowi spraw\u0119 do s\u0105du.<\/p>\n<p><object width=\"425\" height=\"344\"><param name=\"movie\" value=\"http:\/\/www.youtube.com\/v\/oFEIsdRsJEw&amp;hl=pl_PL&amp;fs=1\"><\/param><param name=\"allowFullScreen\" value=\"true\"><\/param><param name=\"allowscriptaccess\" value=\"always\"><\/param><embed src=\"http:\/\/www.youtube.com\/v\/oFEIsdRsJEw&amp;hl=pl_PL&amp;fs=1\" type=\"application\/x-shockwave-flash\" allowscriptaccess=\"always\" allowfullscreen=\"true\" width=\"425\" height=\"344\"><\/embed><\/object> <\/p>\n<p>S\u0105d Wojew\u00f3dzki w Wa\u0142brzychu uzna\u0142 w 1998 roku, \u017ce list Kwietnia zawiera\u0142 nieprawdziwe informacje i nakaza\u0142 jego autorowi publikacj\u0119 przeprosin w &#8222;Gazecie Wroc\u0142awskiej&#8221;, zap\u0142at\u0119 10 tys. z\u0142 szefowi Urz\u0119du Rejonowego i drugie tyle na cele charytatywne. Apelacja Kwietnia zosta\u0142a oddalona.<\/p>\n<p>Europejski Trybuna\u0142 Praw Cz\u0142owieka w Strasburgu uzna\u0142 we wtorek, \u017ce list otwarty zosta\u0142 napisany w interesie publicznym i w interesie spo\u0142eczno\u015bci lokalnej. A w takich sprawach &#8211; jak zaznaczy\u0142 &#8211; ograniczenia wolno\u015bci prasy nale\u017cy interpretowa\u0107 bardzo w\u0105sko. Trybuna\u0142 powt\u00f3rzy\u0142, \u017ce osoby publiczne bardziej podlegaj\u0105 krytyce.<\/p>\n<p>TVP<\/p>\n","protected":false},"excerpt":{"rendered":"<p>Europejski Trybuna\u0142 Praw Cz\u0142owieka w Strasburgu uzna\u0142 we wtorek, \u017ce wymierzenie przez polski s\u0105d 20 tys. z\u0142 kary dla cz\u0142owieka, kt\u00f3ry napisa\u0142 w li\u015bcie otwartym, \u017ce kandydat w wyborach samorz\u0105dowych \u017ale wype\u0142nia swoje obowi\u0105zki i zarzuci\u0142 mu k\u0142amstwo, stanowi naruszenie &hellip; <a href=\"https:\/\/www.bezprawie.pl\/?p=84\">Czytaj dalej <span class=\"meta-nav\">&rarr;<\/span><\/a><\/p>\n","protected":false},"author":1,"featured_media":0,"comment_status":"open","ping_status":"open","sticky":false,"template":"","format":"standard","meta":{"footnotes":""},"categories":[7],"tags":[28,31],"class_list":["post-84","post","type-post","status-publish","format-standard","hentry","category-dzierzoniow","tag-korupcja","tag-strasburg"],"_links":{"self":[{"href":"https:\/\/www.bezprawie.pl\/index.php?rest_route=\/wp\/v2\/posts\/84","targetHints":{"allow":["GET"]}}],"collection":[{"href":"https:\/\/www.bezprawie.pl\/index.php?rest_route=\/wp\/v2\/posts"}],"about":[{"href":"https:\/\/www.bezprawie.pl\/index.php?rest_route=\/wp\/v2\/types\/post"}],"author":[{"embeddable":true,"href":"https:\/\/www.bezprawie.pl\/index.php?rest_route=\/wp\/v2\/users\/1"}],"replies":[{"embeddable":true,"href":"https:\/\/www.bezprawie.pl\/index.php?rest_route=%2Fwp%2Fv2%2Fcomments&post=84"}],"version-history":[{"count":1,"href":"https:\/\/www.bezprawie.pl\/index.php?rest_route=\/wp\/v2\/posts\/84\/revisions"}],"predecessor-version":[{"id":85,"href":"https:\/\/www.bezprawie.pl\/index.php?rest_route=\/wp\/v2\/posts\/84\/revisions\/85"}],"wp:attachment":[{"href":"https:\/\/www.bezprawie.pl\/index.php?rest_route=%2Fwp%2Fv2%2Fmedia&parent=84"}],"wp:term":[{"taxonomy":"category","embeddable":true,"href":"https:\/\/www.bezprawie.pl\/index.php?rest_route=%2Fwp%2Fv2%2Fcategories&post=84"},{"taxonomy":"post_tag","embeddable":true,"href":"https:\/\/www.bezprawie.pl\/index.php?rest_route=%2Fwp%2Fv2%2Ftags&post=84"}],"curies":[{"name":"wp","href":"https:\/\/api.w.org\/{rel}","templated":true}]}}