{"id":93,"date":"2009-06-27T21:30:56","date_gmt":"2009-06-27T21:30:56","guid":{"rendered":"http:\/\/bezprawie.pl\/?p=93"},"modified":"2010-07-26T21:36:39","modified_gmt":"2010-07-26T21:36:39","slug":"poznan-aresztowany-mowi-ze-tak-bije-policja","status":"publish","type":"post","link":"https:\/\/www.bezprawie.pl\/?p=93","title":{"rendered":"Pozna\u0144: Aresztowany m\u00f3wi, \u017ce tak bije policja&#8230;"},"content":{"rendered":"<p>W pozna\u0144skim areszcie przebywa 33-letni Wojciech M. Zosta\u0142 zatrzymany 9 czerwca. Si\u0144ce na jego twarzy i \u015blady po u\u017cyciu paralizatora w okolicach serca powoli bledn\u0105.<br \/>\nM\u0119\u017cczyzna twierdzi, \u017ce pobi\u0142a go policja. Tymczasem funkcjonariusze podkre\u015blaj\u0105, \u017ce o pobiciu nie ma mowy. Po prostu zatrzymali m\u0119\u017cczyzn\u0119, kt\u00f3ry bi\u0142 innego. Musieli wi\u0119c u\u017cy\u0107 si\u0142y. Obro\u0144cy Wojciecha M. z\u0142o\u017cyli jednak doniesienie do prokuratury na post\u0119powanie policji.<\/p>\n<p>&#8211; Brat um\u00f3wi\u0142 si\u0119 z cz\u0142owiekiem, kt\u00f3ry mia\u0142 mu odda\u0107 pieni\u0105dze, w komisie na Wildzie &#8211; m\u00f3wi siostra zatrzymanego. &#8211; Nagle<br \/>\nwpadli tam antyterrory\u015bci, kazali si\u0119 wszystkim po\u0142o\u017cy\u0107 na pod\u0142odze, a brata skuli, zabrali na zaplecze, rzucili na pod\u0142og\u0119 i bili. U\u017cyli te\u017c paralizatora, przystawiali mu go do serca&#8230;<\/p>\n<p>&#8211; Reprezentuj\u0119 Wojciecha M. i widzia\u0142am si\u0119 z nim tego dnia, na dwie godziny przed zatrzymaniem. Nie mia\u0142 w\u00f3wczas \u017cadnych obra\u017ce\u0144 &#8211; m\u00f3wi adwokat Lucyna Relewicz. &#8211; Kiedy zobaczy\u0142am go ponownie, podczas przes\u0142uchania w prokuraturze, nie mog\u0142am uwierzy\u0107&#8230; Mia\u0142 obra\u017cenia na g\u0142owie, spuchni\u0119te r\u0119ce i porusza\u0142 si\u0119 z trudem. Z\u0142o\u017cy\u0142am stosowne o\u015bwiadczenie do protoko\u0142u, \u017c\u0105daj\u0105c badania przez bieg\u0142ego lekarza s\u0105dowego.<\/p>\n<p>Przed posiedzeniem w s\u0105dzie dotycz\u0105cym zastosowania aresztu wobec Wojciecha M., adwokaci zrobili mu kilka zdj\u0119\u0107. Jednak s\u0105d nie zgodzi\u0142 si\u0119, by udokumentowa\u0107 tak\u017ce ewentualne \u015blady na klatce piersiowej zatrzymanego.<\/p>\n<p>&#8211; S\u0105d uchyla\u0142 te\u017c pytania dotycz\u0105ce jego obra\u017ce\u0144, twierdz\u0105c, \u017ce to nie dotyczy sprawy &#8211; kontynuuje mecenas Relewicz. &#8211; \u015alady paralizatora w okolicach serca i na szyi zobaczy\u0142am dopiero kilka dni p\u00f3\u017aniej, podczas widzenia w areszcie. Pan M. narzeka\u0142 te\u017c na b\u00f3l \u017ceber.Jego rodzina zwr\u00f3ci\u0142a si\u0119 do prokuratury z \u017c\u0105daniem obdukcji. Ja interweniowa\u0142am u dyrektora Aresztu \u015aledczego w Poznaniu. Jednak prze\u015bwietlenie wykonano dopiero po 10 dniach od zatrzymania, to jest 19 czerwca. Uwa\u017cam, \u017ce za p\u00f3\u017ano&#8230;<\/p>\n<p style=\"text-align: center;\"><img loading=\"lazy\" decoding=\"async\" class=\"aligncenter\" title=\"Tak bije policja\" src=\"http:\/\/d.polskatimes.pl\/k\/r\/8\/43\/60\/4a45bd536bb1d_k1.jpg\" alt=\"Tak bije policja\" width=\"361\" height=\"250\" \/><\/p>\n<p>&#8211; Do nas nie wp\u0142yn\u0119\u0142a \u017cadna skarga &#8211; powiedzia\u0142 Andrzej Borowiak, rzecznik pozna\u0144skiej policji. &#8211; O okoliczno\u015bciach zatrzymania Wojciecha M. mog\u0119 powiedzie\u0107 tylko, \u017ce otrzymali\u015bmy zawiadomienie od innego m\u0119\u017cczyzny o osobach, kt\u00f3re go nachodz\u0105, \u017c\u0105daj\u0105c pieni\u0119dzy. Twierdzi\u0142, \u017ce by\u0142 wywieziony do lasu, zastraszany. 9 czerwca ten m\u0119\u017cczyzna poszed\u0142 do komisu z telefonami kom\u00f3rkowymi na spotkanie z tymi w\u0142a\u015bnie osobami.<\/p>\n<p>Andrzej Borowiak doda\u0142, \u017ce kiedy policja, kt\u00f3ra wiedzia\u0142a o miejscu i godzinie spotkania, zjawi\u0142a si\u0119 tam nieoczekiwanie, Wojciech M. oraz inne osoby bi\u0142y pokrzywdzonego na zapleczu.<br \/>\n&#8211; Zatrzymano trzy osoby pod zarzutem wymuszenia pieni\u0119dzy &#8211; na gor\u0105cym uczynku. To nie by\u0142o tak, \u017ce ci panowie siedzieli na kanapie i dyskutowali o pieni\u0105dzach. Ten cz\u0142owiek by\u0142 bity, st\u0105d zatrzymanie mia\u0142o charakter dynamiczny, policjanci zastosowali chwyty obezw\u0142adniaj\u0105ce &#8211; powiedzia\u0142 Andrzej Borowiak. &#8211; Nie mog\u0119 si\u0119 ustosunkowa\u0107 do zarzutu, \u017ce policja pobi\u0142a zatrzymanego. Tym zajmie si\u0119 prokuratura.<\/p>\n<p>&#8211; Z\u0142o\u017cyli\u015bmy doniesienie do Prokuratury Rejonowej Pozna\u0144 Wilda oraz pisma do Prokuratury Okr\u0119gowej i Apelacyjnej o obj\u0119cie nadzorem tego post\u0119powania, a tak\u017ce skarg\u0119 do policji &#8211; poinformowa\u0142 adwokat Andrzej Reichelt. &#8211; W tej sprawie nie chodzi o pana M. czy pana X., tylko o zasad\u0119.<\/p>\n<p>&#8211; \u017byjemy w pa\u0144stwie prawa, gdzie od karania s\u0105 s\u0105dy, a nie policja &#8211; dodaje mecenas Lucyna Relewicz. &#8211; A nawet s\u0105d nie mo\u017ce ukara\u0107 pobiciem.<\/p>\n<p>Kim jest Wojciech M? Dot\u0105d nie by\u0142 karany. P\u00f3\u0142 roku temu zosta\u0142 zatrzymany przez funkcjonariuszy Centralnego Biura \u015aledczego po zarzutem kierowania grup\u0105 zajmuj\u0105c\u0105 si\u0119 przemytem i handlem narkotykami. Z aresztu wyszed\u0142 w marcu po wp\u0142aceniu 200 tys. z\u0142 kaucji.<\/p>\n<p>G\u0142os Wielkopolski<\/p>\n","protected":false},"excerpt":{"rendered":"<p>W pozna\u0144skim areszcie przebywa 33-letni Wojciech M. Zosta\u0142 zatrzymany 9 czerwca. Si\u0144ce na jego twarzy i \u015blady po u\u017cyciu paralizatora w okolicach serca powoli bledn\u0105. M\u0119\u017cczyzna twierdzi, \u017ce pobi\u0142a go policja. Tymczasem funkcjonariusze podkre\u015blaj\u0105, \u017ce o pobiciu nie ma mowy. &hellip; <a href=\"https:\/\/www.bezprawie.pl\/?p=93\">Czytaj dalej <span class=\"meta-nav\">&rarr;<\/span><\/a><\/p>\n","protected":false},"author":1,"featured_media":0,"comment_status":"open","ping_status":"open","sticky":false,"template":"","format":"standard","meta":{"footnotes":""},"categories":[1,35],"tags":[19,16],"class_list":["post-93","post","type-post","status-publish","format-standard","hentry","category-bez-kategorii","category-poznan","tag-pobicie","tag-policja"],"_links":{"self":[{"href":"https:\/\/www.bezprawie.pl\/index.php?rest_route=\/wp\/v2\/posts\/93","targetHints":{"allow":["GET"]}}],"collection":[{"href":"https:\/\/www.bezprawie.pl\/index.php?rest_route=\/wp\/v2\/posts"}],"about":[{"href":"https:\/\/www.bezprawie.pl\/index.php?rest_route=\/wp\/v2\/types\/post"}],"author":[{"embeddable":true,"href":"https:\/\/www.bezprawie.pl\/index.php?rest_route=\/wp\/v2\/users\/1"}],"replies":[{"embeddable":true,"href":"https:\/\/www.bezprawie.pl\/index.php?rest_route=%2Fwp%2Fv2%2Fcomments&post=93"}],"version-history":[{"count":6,"href":"https:\/\/www.bezprawie.pl\/index.php?rest_route=\/wp\/v2\/posts\/93\/revisions"}],"predecessor-version":[{"id":95,"href":"https:\/\/www.bezprawie.pl\/index.php?rest_route=\/wp\/v2\/posts\/93\/revisions\/95"}],"wp:attachment":[{"href":"https:\/\/www.bezprawie.pl\/index.php?rest_route=%2Fwp%2Fv2%2Fmedia&parent=93"}],"wp:term":[{"taxonomy":"category","embeddable":true,"href":"https:\/\/www.bezprawie.pl\/index.php?rest_route=%2Fwp%2Fv2%2Fcategories&post=93"},{"taxonomy":"post_tag","embeddable":true,"href":"https:\/\/www.bezprawie.pl\/index.php?rest_route=%2Fwp%2Fv2%2Ftags&post=93"}],"curies":[{"name":"wp","href":"https:\/\/api.w.org\/{rel}","templated":true}]}}